{"id":884045,"date":"2025-12-03T19:20:00","date_gmt":"2025-12-03T18:20:00","guid":{"rendered":"https:\/\/gradski.me\/?p=884045"},"modified":"2025-12-03T19:20:00","modified_gmt":"2025-12-03T18:20:00","slug":"video-usscg-minimalan-korak-za-poboljsanje-polozaja-drzavnih-sluzbenika-je-da-vlada-poveca-koeficijent-bruto-zarade-za-10-eura","status":"publish","type":"post","link":"https:\/\/gradski.me\/en\/ekonomija\/video-usscg-minimalan-korak-za-poboljsanje-polozaja-drzavnih-sluzbenika-je-da-vlada-poveca-koeficijent-bruto-zarade-za-10-eura\/","title":{"rendered":"(VIDEO) USSCG: The government should increase the coefficient of gross earnings for civil servants by 10 euros"},"content":{"rendered":"<p><\/p>\n\n\n\n<p>&#8220;Na\u017ealost, taj sistem zarada je naru\u0161en ve\u0107 neki niz godina zato \u0161to obra\u010dunska vrijednost koeficijenta koja trenutno iznosi 90 eura bruto, nije mijenjana nekih 14 godina unazad. USSCG je prema tom pravnom institutu imala isti ar\u0161in kada je u pitanju obra\u010dunska vrijednost koeficijenta kako u realnom tako i u javnom sektoru&#8220;, naveo je generalni sekretar USSCG <strong>Sr\u0111a Kekovi\u0107<\/strong>.<\/p>\n\n\n\n<p>U Uniji navode da je efekat uve\u0107anja zarada kroz programe Evropa sad 1 i 2 pojela inflacija. Tvrde da ih Vlada ne uva\u017eava kao socijalnog partnera.<\/p>\n\n\n\n<p>&#8220;Nismo dobili nikakav odgovor. Niti je bilo sjednice socijalnog savjeta, niti nas je predsjednik Vlade uva\u017eio bilo kakvim odgovorom na na\u0161 zahtjev da nas primi ispred Unije slobodnih sindikata&#8220;, kazao je Kekovi\u0107.<\/p>\n\n\n\n<p>Ukoliko im dr\u017eava ne uva\u017ei zahtjev, sindikalci poru\u010duju da \u0107e poja\u010dati aktivnosti u cilju za\u0161tite prava zaposlenih u javnom sektoru.\u00a0<\/p>\n\n\n\n<figure class=\"wp-block-embed is-type-video is-provider-youtube wp-block-embed-youtube wp-embed-aspect-16-9 wp-has-aspect-ratio\"><div class=\"wp-block-embed__wrapper\">\n<iframe title=\"USSCG: Minimalan korak za pobolj\u0161anje polo\u017eaja dr\u017eavnih slu\u017ebenika\" width=\"800\" height=\"450\" src=\"https:\/\/www.youtube.com\/embed\/jJZeDfhfIRw?feature=oembed\" frameborder=\"0\" allow=\"accelerometer; autoplay; clipboard-write; encrypted-media; gyroscope; picture-in-picture; web-share\" referrerpolicy=\"strict-origin-when-cross-origin\" allowfullscreen><\/iframe>\n<\/div><\/figure>","protected":false},"excerpt":{"rendered":"<p>Minimalan korak za pobolj\u0161anje polo\u017eaja dr\u017eavnih slu\u017ebenika je da im Vlada, od prvog januara naredne godine, pove\u0107a koeficijent bruto zarade za 10 eura, smatraju u Uniji slobodnih sindikata. \u00a0<\/p>","protected":false},"author":1,"featured_media":884054,"comment_status":"open","ping_status":"open","sticky":false,"template":"","format":"standard","meta":{"_acf_changed":false,"footnotes":"","jetpack_publicize_message":"","jetpack_publicize_feature_enabled":true,"jetpack_social_post_already_shared":false,"jetpack_social_options":{"image_generator_settings":{"template":"highway","default_image_id":0,"font":"","enabled":false},"version":2}},"categories":[8],"tags":[14360,14361,855,251],"naslovna":[],"class_list":["post-884045","post","type-post","status-publish","format-standard","has-post-thumbnail","hentry","category-ekonomija","tag-drzavni-sluzbenici","tag-povecanje-koeficijenta-bruto-zarade","tag-usscg","tag-vlada-cg"],"acf":[],"jetpack_publicize_connections":[],"_links":{"self":[{"href":"https:\/\/gradski.me\/en\/wp-json\/wp\/v2\/posts\/884045","targetHints":{"allow":["GET"]}}],"collection":[{"href":"https:\/\/gradski.me\/en\/wp-json\/wp\/v2\/posts"}],"about":[{"href":"https:\/\/gradski.me\/en\/wp-json\/wp\/v2\/types\/post"}],"author":[{"embeddable":true,"href":"https:\/\/gradski.me\/en\/wp-json\/wp\/v2\/users\/1"}],"replies":[{"embeddable":true,"href":"https:\/\/gradski.me\/en\/wp-json\/wp\/v2\/comments?post=884045"}],"version-history":[{"count":0,"href":"https:\/\/gradski.me\/en\/wp-json\/wp\/v2\/posts\/884045\/revisions"}],"wp:featuredmedia":[{"embeddable":true,"href":"https:\/\/gradski.me\/en\/wp-json\/wp\/v2\/media\/884054"}],"wp:attachment":[{"href":"https:\/\/gradski.me\/en\/wp-json\/wp\/v2\/media?parent=884045"}],"wp:term":[{"taxonomy":"category","embeddable":true,"href":"https:\/\/gradski.me\/en\/wp-json\/wp\/v2\/categories?post=884045"},{"taxonomy":"post_tag","embeddable":true,"href":"https:\/\/gradski.me\/en\/wp-json\/wp\/v2\/tags?post=884045"},{"taxonomy":"naslovna","embeddable":true,"href":"https:\/\/gradski.me\/en\/wp-json\/wp\/v2\/naslovna?post=884045"}],"curies":[{"name":"wp","href":"https:\/\/api.w.org\/{rel}","templated":true}]}}