{"id":883941,"date":"2025-12-03T16:39:00","date_gmt":"2025-12-03T15:39:00","guid":{"rendered":"https:\/\/gradski.me\/?p=883941"},"modified":"2025-12-03T16:39:00","modified_gmt":"2025-12-03T15:39:00","slug":"cadjenovic-srebrna-medalja-potvrda-da-pripadam-svjetskom-vrhu","status":"publish","type":"post","link":"https:\/\/gradski.me\/en\/sport\/cadjenovic-srebrna-medalja-potvrda-da-pripadam-svjetskom-vrhu\/","title":{"rendered":"\u010ca\u0111enovi\u0107: Srebrna medalja potvrda da pripadam svjetskom vrhu"},"content":{"rendered":"<p>\u010ca\u0111enovi\u0107 je na putu do finala u disciplini lou-kik, u kategoriji do 71 kilogram, redom ru\u0161io Garsiju iz Gvatemale, Mustafajeva iz Azerbejd\u017eana i Dimova iz Bugarske. U finalu je izgubio od zvani\u010dnog svjetskog i evropskog prvaka Bohdana Sitnjika iz Ukrajine rezultatom 2:1.<\/p>\n\n\n\n<p>\u010ca\u0111enovi\u0107 je ujedno donio medalju nakon 16 godina, a te 2009. je sada\u0161nji selektor Goran Radonji\u0107 bio \u0161ampion svijeta.<\/p>\n\n\n\n<p>Svjetski prvaci iz Crne Gore bili su jo\u0161 Ivan Strugar (1999. i 2001) i Samir Usenagi\u0107 (1993).<br><br>&#8222;To najbolje govori o veli\u010dini rezultata, jer niko od crnogorskih reprezentivaca 16 godina nije u\u0161ao u finale. Najbolja potvrda kvaliteta takmi\u010denja je i broj prijavljenih boraca, a u mojoj kategoriji ih je bilo 28 iz svih krajeva svijeta&#8220;, rekao je \u010ca\u0111enovi\u0107 na konferenciji za novinare.<\/p>\n\n\n\n<p>Ka\u017ee da je bilo povreda tokom \u0161ampionata, ali da je to u kik-boksu uobi\u010dajena stvar.<\/p>\n\n\n\n<p>&#8222;Svaki me\u010d ima neku posebnu te\u017einu. \u0160to se ti\u010de borila\u010dkog sporta iz kojeg dolazim, prosto nije mogu\u0107e da nakon \u010detiri odra\u0111ena me\u010da ne bude povreda, ali prosto vremenom se naviknemo na te stvari&#8220;, rekao je \u010ca\u0111enovi\u0107.<\/p>\n\n\n\n<p>Otkrio je koji me\u010d mu je na \u0161ampionatu u ABU dabiju bio najdra\u017ei.<\/p>\n\n\n\n<p>&#8222;Polufinale je bio moj najbolji me\u010d na prvenstvu. \u0160to se ti\u010de samog finala, sastao sam se sa poznatim borcem, kojeg sam obje\u0111ivao. Ovog puta je on slavio podiljenom odlukom studija, \u0161to samo govori da je me\u010d bio neizvijesan od po\u010detka do kraja&#8220;, rekao je \u010ca\u0111enovi\u0107.<\/p>\n\n\n\n<p>Selektor Goran Radonji\u0107 istakao je da je izuzetno zadovoljan nastupom \u010ca\u0111enovi\u0107a.<\/p>\n\n\n\n<p>&#8222;Briljirao je do finala, ni u jednom me\u010du se nije postavljalo pitanje pobjednika. Svaki me\u010d je odradio i takti\u010dki i tehni\u010dki prefektno. U finalu ga je \u010dekao stari znanac. Slavio je podijeljenom odlukom, nadamo se da \u0107e na sljede\u0107em prvenstvu \u010ca\u0111enovi\u0107 biti uspje\u0161niji&#8220;, rekao je Radonji\u0107.<\/p>\n\n\n\n<p>On je dodao da je finalni me\u010d bio te\u017eak i istrpljuju\u0107i.<\/p>\n\n\n\n<p>&#8222;\u010ca\u0111enovi\u0107 imao je prednost do polovine me\u010da, ali umor i iskustvo, kao i povreda, su u\u010dinili svoje. Izostala je zlatna medalja, ali nama srebrna sija zlatnim sjajem&#8220;, kazao je Radonji\u0107.<\/p>\n\n\n\n<p>Napomenuo je selektor da mu je \u017eao \u0161to preostala dva na\u0161a takmi\u010dara Lazar Klikovac i Viktor Borozan nisu uspjeli da se umije\u0161aju u borbe za medalje.<\/p>\n\n\n\n<p>Trener Andrej \u0110eljo\u0161evi\u0107 kazao je da \u0107e \u010ca\u0111enovi\u0107 biti jo\u0161 bolji.<br><br>&#8222;Od prvog do posljednjeg dana priprema odradili smo sve \u0161to smo i zamislili. O\u010dekujem da nastavi jo\u0161 ja\u010de, jer se od njega narednih desetak godina o\u010dekuju ozbiljni rezultati. Imamo iskustvo, imamo dobre uslove u Savezu, omogu\u0107ena su nam velika takmi\u010denja i to je recept kako dalje&#8220;, rekao je \u0110eljo\u0161evi\u0107.<\/p>\n\n\n\n<p>Predsjendik Kik boks saveza Ivan Strugar kazao je da smo kona\u010dno probili barijeru i umjesto bronze, napravili korak dalje.<\/p>\n\n\n\n<p>&#8222;Sada smo napravili iskorak, izborili finale. Nadam se da \u0107e to od sada biti praksa u narednim takmi\u010denjima i da \u0107emo narednih godina imati sli\u010dne, ako ne, i bolje rezultate&#8220;, rekao je Strugar i dodao:<\/p>\n\n\n\n<p>&#8222;U ovoj godini smo u\u010destvovali na Evrovskom kupu u Sarajevu, na Svjetskim kupovima u Italiji, Antaliji, Butinpe\u0161ti i Ta\u0161kentu.<\/p>\n\n\n\n<p>Na Evrovskom kupu osvojili smo 37 medalja &#8211; po devet zlatnih i srebrnih i 19 brozanih, a na Svjetskim kupovima 47 medalja &#8211; 16 zlatnih, 7 srebrnih i 24 brozane&#8220;, rekao je Strugar.<\/p>","protected":false},"excerpt":{"rendered":"<p>Crnogorski kik bokser Nemanja \u010ca\u0111enovi\u0107 kazao je da je osvojenom srebrnom medaljom na Svjetskom prvenstvu krunisao karijeru, te da je to potvrda da pripada svjetskom vrhu u svojoj disciplini.<\/p>","protected":false},"author":1,"featured_media":879388,"comment_status":"open","ping_status":"open","sticky":false,"template":"","format":"standard","meta":{"_acf_changed":false,"footnotes":"","jetpack_publicize_message":"","jetpack_publicize_feature_enabled":true,"jetpack_social_post_already_shared":false,"jetpack_social_options":{"image_generator_settings":{"template":"highway","default_image_id":0,"font":"","enabled":false},"version":2}},"categories":[15],"tags":[14347,13922,14348,13701,13596],"naslovna":[],"class_list":["post-883941","post","type-post","status-publish","format-standard","has-post-thumbnail","hentry","category-sport","tag-andrej-djeljosevic","tag-goran-radonjic","tag-ivan-strugar","tag-kbscg","tag-nemanja-cadjenovic"],"acf":[],"jetpack_publicize_connections":[],"_links":{"self":[{"href":"https:\/\/gradski.me\/en\/wp-json\/wp\/v2\/posts\/883941","targetHints":{"allow":["GET"]}}],"collection":[{"href":"https:\/\/gradski.me\/en\/wp-json\/wp\/v2\/posts"}],"about":[{"href":"https:\/\/gradski.me\/en\/wp-json\/wp\/v2\/types\/post"}],"author":[{"embeddable":true,"href":"https:\/\/gradski.me\/en\/wp-json\/wp\/v2\/users\/1"}],"replies":[{"embeddable":true,"href":"https:\/\/gradski.me\/en\/wp-json\/wp\/v2\/comments?post=883941"}],"version-history":[{"count":0,"href":"https:\/\/gradski.me\/en\/wp-json\/wp\/v2\/posts\/883941\/revisions"}],"wp:featuredmedia":[{"embeddable":true,"href":"https:\/\/gradski.me\/en\/wp-json\/wp\/v2\/media\/879388"}],"wp:attachment":[{"href":"https:\/\/gradski.me\/en\/wp-json\/wp\/v2\/media?parent=883941"}],"wp:term":[{"taxonomy":"category","embeddable":true,"href":"https:\/\/gradski.me\/en\/wp-json\/wp\/v2\/categories?post=883941"},{"taxonomy":"post_tag","embeddable":true,"href":"https:\/\/gradski.me\/en\/wp-json\/wp\/v2\/tags?post=883941"},{"taxonomy":"naslovna","embeddable":true,"href":"https:\/\/gradski.me\/en\/wp-json\/wp\/v2\/naslovna?post=883941"}],"curies":[{"name":"wp","href":"https:\/\/api.w.org\/{rel}","templated":true}]}}