{"id":883801,"date":"2025-12-03T14:16:13","date_gmt":"2025-12-03T13:16:13","guid":{"rendered":"https:\/\/gradski.me\/?p=883801"},"modified":"2025-12-03T14:16:13","modified_gmt":"2025-12-03T13:16:13","slug":"inspekcija-ponovo-nalozila-uklanjanje-satora-botunjani-odbilit","status":"publish","type":"post","link":"https:\/\/gradski.me\/en\/podgorica\/inspekcija-ponovo-nalozila-uklanjanje-satora-botunjani-odbilit\/","title":{"rendered":"The inspection again ordered the removal of the tent, the people of Botunija put up a new one"},"content":{"rendered":"<p><\/p>\n\n\n\n<p><\/p>\n\n\n\n<p>Prema rije\u010dima predstavnika mje\u0161tana, komunalni inspektori su konstatovali da su oni uklonili prethodni i podigli novi \u0161ator. Zadr\u017eali su se svega desetak minuta.<\/p>\n\n\n\n<figure class=\"wp-block-image size-large\"><img decoding=\"async\" src=\"https:\/\/new.gradski.me\/wp-content\/uploads\/2025\/12\/e8893931-9a6c-4f65-a3cc-ce8f8c5e2e2b-1-1024x768.jpg\" alt=\"\" class=\"wp-image-883811\" title=\"\"><\/figure>\n\n\n\n<p>Photo: Portal RTV PG<\/p>\n\n\n\n<p>S obzirom da \u0161ator koji je razapet izgleda potpuno isto kao onaj ranije, te da je i lokacija naizgled ista, \u010deka se mi\u0161ljenje Uprave za inspekcijske poslove Glavnog grada.<\/p>\n\n\n\n<p>Pored \u0161atora su nabacana \u0161atorska krila.<\/p>\n\n\n\n<p>Botunjani tvrde da su ona od ranije razapetog \u0161atora koji su uklonili<\/p>","protected":false},"excerpt":{"rendered":"<p>Slu\u017ebenici Uprave za inspekcijske poslove Glavnog grada dolazili su danas u Botun, gdje je ve\u0107 dvadesetak dana postavljen \u0161ator mje\u0161tana ovog naselja koji se protive izgradnji postrojenja za pre\u010di\u0161\u0107avanje otpadnih voda, prenosi Pobjeda.<\/p>","protected":false},"author":1,"featured_media":883807,"comment_status":"open","ping_status":"open","sticky":false,"template":"","format":"standard","meta":{"_acf_changed":false,"footnotes":"","jetpack_publicize_message":"","jetpack_publicize_feature_enabled":true,"jetpack_social_post_already_shared":false,"jetpack_social_options":{"image_generator_settings":{"template":"highway","default_image_id":0,"font":"","enabled":false},"version":2}},"categories":[6],"tags":[1235,1830],"naslovna":[],"class_list":["post-883801","post","type-post","status-publish","format-standard","has-post-thumbnail","hentry","category-podgorica","tag-botun","tag-protesti"],"acf":[],"jetpack_publicize_connections":[],"_links":{"self":[{"href":"https:\/\/gradski.me\/en\/wp-json\/wp\/v2\/posts\/883801","targetHints":{"allow":["GET"]}}],"collection":[{"href":"https:\/\/gradski.me\/en\/wp-json\/wp\/v2\/posts"}],"about":[{"href":"https:\/\/gradski.me\/en\/wp-json\/wp\/v2\/types\/post"}],"author":[{"embeddable":true,"href":"https:\/\/gradski.me\/en\/wp-json\/wp\/v2\/users\/1"}],"replies":[{"embeddable":true,"href":"https:\/\/gradski.me\/en\/wp-json\/wp\/v2\/comments?post=883801"}],"version-history":[{"count":0,"href":"https:\/\/gradski.me\/en\/wp-json\/wp\/v2\/posts\/883801\/revisions"}],"wp:featuredmedia":[{"embeddable":true,"href":"https:\/\/gradski.me\/en\/wp-json\/wp\/v2\/media\/883807"}],"wp:attachment":[{"href":"https:\/\/gradski.me\/en\/wp-json\/wp\/v2\/media?parent=883801"}],"wp:term":[{"taxonomy":"category","embeddable":true,"href":"https:\/\/gradski.me\/en\/wp-json\/wp\/v2\/categories?post=883801"},{"taxonomy":"post_tag","embeddable":true,"href":"https:\/\/gradski.me\/en\/wp-json\/wp\/v2\/tags?post=883801"},{"taxonomy":"naslovna","embeddable":true,"href":"https:\/\/gradski.me\/en\/wp-json\/wp\/v2\/naslovna?post=883801"}],"curies":[{"name":"wp","href":"https:\/\/api.w.org\/{rel}","templated":true}]}}