{"id":883578,"date":"2025-12-03T12:34:00","date_gmt":"2025-12-03T11:34:00","guid":{"rendered":"https:\/\/gradski.me\/?p=883578"},"modified":"2025-12-03T12:34:00","modified_gmt":"2025-12-03T11:34:00","slug":"amu-podaci-o-medijskom-vlasnistvu-objedinjeni-na-digitalnoj-platformi-2","status":"publish","type":"post","link":"https:\/\/gradski.me\/en\/kultura\/amu-podaci-o-medijskom-vlasnistvu-objedinjeni-na-digitalnoj-platformi-2\/","title":{"rendered":"AMU objavila dokumentarni film posve\u0107en u\u010dincima Fonda za podsticanje pluralizma"},"content":{"rendered":"<p><\/p>\n\n\n\n<p><br>&#8222;Film donosi pregled realizovanih projekata, dodijeljenih sredstava i tematskih oblasti obuhva\u0107enih produkcijom medijskih sadr\u017eaja. Kroz prikaz konkretnih iskustava korisnika Fonda, njihovih rezultata i postignu\u0107a, ali i izazova u procesu realizacije, ukazuje se na va\u017enost ulaganja u sadr\u017eaje koji doprinose unapre\u0111enju medijskog pluralizma. U cilju sveobuhvatnog sagledavanja efekata podr\u017eanih projekata, u filmu je posebna pa\u017enja posve\u0107ena i percepciji javnosti. Time film ne predstavlja samo tehni\u010dki pregled dosada\u0161njeg rada, ve\u0107 i doprinosi razumijevanju stvarnog uticaja proizvedenih medijskih sadr\u017eaja&#8220;, objasnili su iz Agencije za audiovizelne medijske usluge.<\/p>\n\n\n\n<p><br>Usvajanjem izmjena Zakona o medijima 2020. godine uspostavljen je Fond za podsticanje pluralizma<br>i raznovrsnosti medija. Finansira ga dr\u017eava i do ove godine iznosio je 0,09 odsto teku\u0107eg bud\u017eeta.<br>Posljednjom izmjenom zakonskog okvira, sredstva koja se izdvajaju za Fond pove\u0107ana su na 0,20 odsto<br>teku\u0107eg bud\u017eeta, \u010dime je, kako ka\u017eu, dodatno osna\u017een kapacitet za podr\u0161ku komercijalnim i neprofitnim elektronskim<br>medijima.<\/p>\n\n\n\n<p><br>Predsjednik Savjeta AMU, Branko Bo\u0161kovi\u0107, ukazuje na potrebu kontinuiranog unapre\u0111enja samog<br>na\u010dina funkcionisanja Fonda, \u201eMoj utisak je da je bilo sadr\u017eaja koji su vrlo kvalitetni, ali tako\u0111e da je bilo<br>sadr\u017eaja i koji su samo ispunjavali formu. To je ne\u0161to na \u010demu treba da radimo, jer cilj Fonda nije samo da<br>ispuni formu, ve\u0107 da zaista damo neki doprinos. Savjet \u0107e raditi na tome da u narednom periodu ispunimo<br>ono \u0161to je kvalitet, odnosno da pobolj\u0161amo kvalitet, a to mo\u017eemo da uradimo pomo\u0107u pravilnika, odnosno<br>internih akata koje imamo u Agenciji i kojima mo\u017eemo uticati da se kvalitet ovih sadr\u017eaja popravi.\u201c<\/p>\n\n\n\n<p>Bo\u0161kovi\u0107 dodaje da oni kontinuirano imaju iste emitere, iste medije koji se prijavljuju, a kojih nije puno, i to je ono \u0161to<br>je najve\u0107a kritika medijima i generalno ovakvom pristupu Fondu \u2014 da je cilj Fonda da se \u0161to vi\u0161e medija<br>obuhvati. &#8222;To je ne\u0161to na \u010demu treba da radimo, to je ne\u0161to na \u010demu tako\u0111e i mediji treba da rade\u201c, isti\u010de Bo\u0161kovi\u0107.<\/p>\n\n\n\n<p><br>Milica Krivokapi\u0107, slu\u017ebenica za finansijske i ekonomske poslove u Agenciji, istakla je da kroz Fond<br>imamo jasno definisane teme od zna\u010daja koje se plasiraju gra\u0111anima, i uglavnom su to teme koje nijesu<br>puno zastupljene na medijskoj sceni Crne Gore. &#8222;Trudimo se, odnosno poenta Fonda jeste da se kroz<br>raznolikost i raznovrsnost tih tema na neki na\u010din do\u0111e do gra\u0111ana i da se njima upotpuni informacija koja<br>im, na neki na\u010din, nedostaje\u201c, dodala je Krivokapi\u0107.<\/p>\n\n\n\n<p><br>Svoje vi\u0111enje funkcionisanja Fonda u filmu su tako\u0111e iznijeli Radomir Kra\u010dkovi\u0107 iz Televizije<br>Vijesti, Bo\u017eo Bulatovi\u0107 iz Radija Titograd, Arslan Hajdinaga iz Radija Elita, Goran \u0110urovi\u0107 iz Media<br>Centra, Milan Radovi\u0107, biv\u0161i \u010dlan Savjeta Agencije za audiovizuelne medijske usluge, i Marijana Camovi\u0107<br>Veli\u010dkovi\u0107 iz Sindikata medija. Svoje mi\u0161ljenje dali su i gra\u0111ani, kroz sprovedenu anketu, ukazuju\u0107i na to<br>kakve sadr\u017eaje bi, prema njihovim potrebama i interesovanjima, podr\u017eani projekti trebalo da emituju.<br><br>&#8222;Agencija kontinuirano radi na unapre\u0111enju cjelokupnog procesa upravljanja Fondom \u2014 kroz<br>pobolj\u0161anje pravilnika, kriterijuma i transparentnosti rada. Ve\u0107 je sprovedeno prvo istra\u017eivanje o u\u010dincima<br>Fonda, dok je za narednu godinu planirano novo sveobuhvatno istra\u017eivanje, koje \u0107e omogu\u0107iti procjenu<br>zadovoljstva javnosti, korisnika sredstava i predstavnika medija koji u\u010destvuju u implementaciji podr\u017eanih<br>projekata&#8220;, rekli su iz Agencije.<\/p>\n\n\n\n<p><br>Film je dostupan na sljede\u0107em linku https:\/\/youtu.be\/HYS6MD1eTTA, kao i na ostalim<br>komunikacionim kanalima Agencije za audiovizuelne medijske usluge (AMU).<\/p>","protected":false},"excerpt":{"rendered":"<p>Agencija za audiovizuelne medijske usluge (AMU) objavila je dokumentarni film posve\u0107en u\u010dincima Fonda za podsticanje pluralizma i raznovrsnosti medija, koji je namijenjen komercijalnim i neprofitnim elektronskim medijima. <\/p>","protected":false},"author":1,"featured_media":883579,"comment_status":"open","ping_status":"open","sticky":false,"template":"","format":"standard","meta":{"_acf_changed":false,"footnotes":"","jetpack_publicize_message":"","jetpack_publicize_feature_enabled":true,"jetpack_social_post_already_shared":false,"jetpack_social_options":{"image_generator_settings":{"template":"highway","default_image_id":0,"font":"","enabled":false},"version":2}},"categories":[11],"tags":[7024,1153,14312],"naslovna":[],"class_list":["post-883578","post","type-post","status-publish","format-standard","has-post-thumbnail","hentry","category-kultura","tag-amu-2","tag-film","tag-zakon-o-medijima"],"acf":[],"jetpack_publicize_connections":[],"_links":{"self":[{"href":"https:\/\/gradski.me\/en\/wp-json\/wp\/v2\/posts\/883578","targetHints":{"allow":["GET"]}}],"collection":[{"href":"https:\/\/gradski.me\/en\/wp-json\/wp\/v2\/posts"}],"about":[{"href":"https:\/\/gradski.me\/en\/wp-json\/wp\/v2\/types\/post"}],"author":[{"embeddable":true,"href":"https:\/\/gradski.me\/en\/wp-json\/wp\/v2\/users\/1"}],"replies":[{"embeddable":true,"href":"https:\/\/gradski.me\/en\/wp-json\/wp\/v2\/comments?post=883578"}],"version-history":[{"count":0,"href":"https:\/\/gradski.me\/en\/wp-json\/wp\/v2\/posts\/883578\/revisions"}],"wp:featuredmedia":[{"embeddable":true,"href":"https:\/\/gradski.me\/en\/wp-json\/wp\/v2\/media\/883579"}],"wp:attachment":[{"href":"https:\/\/gradski.me\/en\/wp-json\/wp\/v2\/media?parent=883578"}],"wp:term":[{"taxonomy":"category","embeddable":true,"href":"https:\/\/gradski.me\/en\/wp-json\/wp\/v2\/categories?post=883578"},{"taxonomy":"post_tag","embeddable":true,"href":"https:\/\/gradski.me\/en\/wp-json\/wp\/v2\/tags?post=883578"},{"taxonomy":"naslovna","embeddable":true,"href":"https:\/\/gradski.me\/en\/wp-json\/wp\/v2\/naslovna?post=883578"}],"curies":[{"name":"wp","href":"https:\/\/api.w.org\/{rel}","templated":true}]}}