{"id":883546,"date":"2025-12-03T10:35:36","date_gmt":"2025-12-03T09:35:36","guid":{"rendered":"https:\/\/gradski.me\/?p=883546"},"modified":"2025-12-03T10:35:36","modified_gmt":"2025-12-03T09:35:36","slug":"grubac-predlozi-mujovica-za-butun-su-optimalni-i-sveobuhvatni","status":"publish","type":"post","link":"https:\/\/gradski.me\/en\/politika\/grubac-predlozi-mujovica-za-butun-su-optimalni-i-sveobuhvatni\/","title":{"rendered":"Gruba\u010d: Mujovi\u0107's proposals for Botun are optimal and comprehensive"},"content":{"rendered":"<p>.<\/p>\n\n\n\n<p><strong>Pi\u0161e: Vojin Gruba\u010d<\/strong><\/p>\n\n\n\n<p>Me\u0111utim, sve su prilike da se izme\u0111u razuma koji projavljuje gradona\u010delnik Mujovi\u0107 i zatvaranja problema oko kolektora isprije\u010dila sujeta politi\u010dara Milana Kne\u017eevu\u0107a,\u00a0 \u010dija je politi\u010dka destrukcija postala interesantan fenomen. Jer \u0161ta zna\u010di retorika: \u201cNe\u0107u se povu\u0107i. Zakleli smo se: ko izda, iskopa\u2019 se. Ja izdati ne\u0107u, &#8230;, mi nemamo gdje nazad. Nazad je groblje\u201d, nego besprizorno paljenje politi\u010dke situacije i teatar jednog glumca.<\/p>\n\n\n\n<p>Pri\u010da o kolektoru u Botunu da je \u201c\u010cernobilj\u201d, koji prestaje biti \u201c\u010cernobiljom\u201d ako se pomjeri 500 ili 1500 metara je vi\u0161e nego smije\u0161na i predstavlja primjer prizemne manipulacije ljudima. A o principjelnosti da ne govorimo, gdje mu Vu\u010di\u0107evo insistiranje na rudniku litijuma u Jadru, protiv koga je ustala \u010ditava Srbija zbog ekolo\u0161ke katstrofe koju nosi: nije \u010cernobilj, ve\u0107 je \u010cernobilj kolektorsko postrojenje u Botunu.&nbsp; Prijetnje, ucjenjivanja, kletve, neprincipjelnost vi\u0161eg nivoa su trenutna li\u010dna karta politi\u010dara Kne\u017eevi\u0107a. To nije politika, ve\u0107 izlazak iz logike i zdravog smisla.<\/p>\n\n\n\n<p><em><strong>(Mi\u0161ljenja i stavovi autora kolumni nisu nu\u017eno stavovi redakcije Portala RTV Podgorice)<\/strong><\/em><\/p>","protected":false},"excerpt":{"rendered":"<p>Predlozi gradona\u010delnika Podgorice Sa\u0161e Mujovi\u0107a na poslednjem sastanku sa delegacijom mje\u0161tana Botuna su bili optimalni i sveobuhvatni po svakom punktu problema koji su iznikli u vezi izgradnje kolektora.\u00a0\u00a0 <\/p>","protected":false},"author":1,"featured_media":852240,"comment_status":"open","ping_status":"open","sticky":false,"template":"","format":"standard","meta":{"_acf_changed":false,"footnotes":"","jetpack_publicize_message":"","jetpack_publicize_feature_enabled":true,"jetpack_social_post_already_shared":false,"jetpack_social_options":{"image_generator_settings":{"template":"highway","default_image_id":0,"font":"","enabled":false},"version":2}},"categories":[7],"tags":[14294,1235,1234],"naslovna":[],"class_list":["post-883546","post","type-post","status-publish","format-standard","has-post-thumbnail","hentry","category-politika","tag-aleksandra-mujovic","tag-botun","tag-vojin-grubac"],"acf":[],"jetpack_publicize_connections":[],"_links":{"self":[{"href":"https:\/\/gradski.me\/en\/wp-json\/wp\/v2\/posts\/883546","targetHints":{"allow":["GET"]}}],"collection":[{"href":"https:\/\/gradski.me\/en\/wp-json\/wp\/v2\/posts"}],"about":[{"href":"https:\/\/gradski.me\/en\/wp-json\/wp\/v2\/types\/post"}],"author":[{"embeddable":true,"href":"https:\/\/gradski.me\/en\/wp-json\/wp\/v2\/users\/1"}],"replies":[{"embeddable":true,"href":"https:\/\/gradski.me\/en\/wp-json\/wp\/v2\/comments?post=883546"}],"version-history":[{"count":0,"href":"https:\/\/gradski.me\/en\/wp-json\/wp\/v2\/posts\/883546\/revisions"}],"wp:featuredmedia":[{"embeddable":true,"href":"https:\/\/gradski.me\/en\/wp-json\/wp\/v2\/media\/852240"}],"wp:attachment":[{"href":"https:\/\/gradski.me\/en\/wp-json\/wp\/v2\/media?parent=883546"}],"wp:term":[{"taxonomy":"category","embeddable":true,"href":"https:\/\/gradski.me\/en\/wp-json\/wp\/v2\/categories?post=883546"},{"taxonomy":"post_tag","embeddable":true,"href":"https:\/\/gradski.me\/en\/wp-json\/wp\/v2\/tags?post=883546"},{"taxonomy":"naslovna","embeddable":true,"href":"https:\/\/gradski.me\/en\/wp-json\/wp\/v2\/naslovna?post=883546"}],"curies":[{"name":"wp","href":"https:\/\/api.w.org\/{rel}","templated":true}]}}