{"id":883155,"date":"2025-12-02T19:17:23","date_gmt":"2025-12-02T18:17:23","guid":{"rendered":"https:\/\/gradski.me\/?p=883155"},"modified":"2025-12-02T19:17:23","modified_gmt":"2025-12-02T18:17:23","slug":"sjutra-u-podgorici-susret-spajica-sa-premijerom-luksemburga-lukom-fridenom","status":"publish","type":"post","link":"https:\/\/gradski.me\/en\/politika\/sjutra-u-podgorici-susret-spajica-sa-premijerom-luksemburga-lukom-fridenom\/","title":{"rendered":"Sjutra u Podgorici susret Spaji\u0107a sa premijerom Luksemburga Lukom Fridenom"},"content":{"rendered":"<p><\/p>\n\n\n\n<p>Kako je saop\u0161teno iz Vlade, sastanak \u0107e biti odr\u017ean u Vili &#8222;Gorica&#8220;, nakon \u010dega \u0107e u 12.00 sati premijer Milojko Spaji\u0107 i predsjednik Vlade Luksemburga Luk Friden dati izjave za medije.<\/p>\n\n\n\n<p>Slu\u017eba za odnose s javno\u0161\u0107u Vlade Crne Gore \u0107e medijima obezbijediti foto i video materijal.<\/p>\n\n\n\n<p><\/p>","protected":false},"excerpt":{"rendered":"<p>Predsjednik Vlade Crne Gore Milojko Spaji\u0107 ugosti\u0107e sjutra predsjednika Vlade Velikog Vojvodstva Luksemburg Luka Fridena, koji boravi u dvodnevnoj zvani\u010dnoj posjeti Crnoj Gori.<\/p>","protected":false},"author":1,"featured_media":879375,"comment_status":"open","ping_status":"open","sticky":false,"template":"","format":"standard","meta":{"_acf_changed":false,"footnotes":"","jetpack_publicize_message":"","jetpack_publicize_feature_enabled":true,"jetpack_social_post_already_shared":false,"jetpack_social_options":{"image_generator_settings":{"template":"highway","default_image_id":0,"font":"","enabled":false},"version":2}},"categories":[7],"tags":[14266,794],"naslovna":[],"class_list":["post-883155","post","type-post","status-publish","format-standard","has-post-thumbnail","hentry","category-politika","tag-friden","tag-milojko-spajic"],"acf":[],"jetpack_publicize_connections":[],"_links":{"self":[{"href":"https:\/\/gradski.me\/en\/wp-json\/wp\/v2\/posts\/883155","targetHints":{"allow":["GET"]}}],"collection":[{"href":"https:\/\/gradski.me\/en\/wp-json\/wp\/v2\/posts"}],"about":[{"href":"https:\/\/gradski.me\/en\/wp-json\/wp\/v2\/types\/post"}],"author":[{"embeddable":true,"href":"https:\/\/gradski.me\/en\/wp-json\/wp\/v2\/users\/1"}],"replies":[{"embeddable":true,"href":"https:\/\/gradski.me\/en\/wp-json\/wp\/v2\/comments?post=883155"}],"version-history":[{"count":0,"href":"https:\/\/gradski.me\/en\/wp-json\/wp\/v2\/posts\/883155\/revisions"}],"wp:featuredmedia":[{"embeddable":true,"href":"https:\/\/gradski.me\/en\/wp-json\/wp\/v2\/media\/879375"}],"wp:attachment":[{"href":"https:\/\/gradski.me\/en\/wp-json\/wp\/v2\/media?parent=883155"}],"wp:term":[{"taxonomy":"category","embeddable":true,"href":"https:\/\/gradski.me\/en\/wp-json\/wp\/v2\/categories?post=883155"},{"taxonomy":"post_tag","embeddable":true,"href":"https:\/\/gradski.me\/en\/wp-json\/wp\/v2\/tags?post=883155"},{"taxonomy":"naslovna","embeddable":true,"href":"https:\/\/gradski.me\/en\/wp-json\/wp\/v2\/naslovna?post=883155"}],"curies":[{"name":"wp","href":"https:\/\/api.w.org\/{rel}","templated":true}]}}