{"id":882730,"date":"2025-12-02T15:01:00","date_gmt":"2025-12-02T14:01:00","guid":{"rendered":"https:\/\/gradski.me\/?p=882730"},"modified":"2025-12-02T15:01:00","modified_gmt":"2025-12-02T14:01:00","slug":"delegacija-britanskog-parlamenta-u-atlantskom-savezu-dezinformacije-ozbiljna-prijetnja-evropskoj-buducnosti-crne-gore","status":"publish","type":"post","link":"https:\/\/gradski.me\/en\/politika\/delegacija-britanskog-parlamenta-u-atlantskom-savezu-dezinformacije-ozbiljna-prijetnja-evropskoj-buducnosti-crne-gore\/","title":{"rendered":"Delegacija britanskog Parlamenta u Atlantskom savezu: Dezinformacije ozbiljna prijetnja evropskoj budu\u0107nosti Crne Gore"},"content":{"rendered":"<p><\/p>\n\n\n\n<p>Predstavnici Atlantskog saveza i Digitalnog forenzi\u010dkog centra (DFC) predstavili su britanskoj delegaciji najva\u017enije trendove u oblasti bezbjednosti i demokratije, sa posebnim naglaskom na rastu\u0107e dezinformacione kampanje i maligni strani uticaj. Tim DFC-a iznio je nalaze o koordinisanim aktivnostima usmjerenim na podrivanje povjerenja u institucije, NATO i EU, kao i ulogu lokalnih aktera u \u0161irenju narativa koji Crnu Goru udaljavaju od njenih strate\u0161kih partnera.<\/p>\n\n\n\n<p>&#8222;U razgovoru je ocijenjeno da su hibridne prijetnje danas jedan od klju\u010dnih izazova za stabilnost Crne Gore. Istaknuto je da borba protiv dezinformacija nije tehni\u010dko, ve\u0107 strate\u0161ko pitanje koje zahtijeva blisku saradnju dr\u017eavnih institucija, civilnog dru\u0161tva i me\u0111unarodnih saveznika. Delegaciji je predstavljen i rad Digitalnog forenzi\u010dkog centra, jedinstvenog resursa u regionu, koji kroz analize, istra\u017eivanja i obuke gradi otpornost dru\u0161tva na manipulacije i maligni uticaj&#8220;, rekli su iz Atlanskog saveza.<\/p>\n\n\n\n<p>Atlantski savez podvukao je da je evropska perspektiva Crne Gore od su\u0161tinskog zna\u010daja za stabilnost, razvoj i ja\u010danje demokratskih institucija, te da se svaki poku\u0161aj potkopavanja tog kursa mora ozbiljno tretirati. &#8222;Dezinformacije koje relativizuju evropske vrijednosti i slabe povjerenje gra\u0111ana direktno ugro\u017eavaju strate\u0161ke interese zemlje&#8220;, dodaju iz Saveza.<\/p>\n\n\n\n<p>&#8222;Posjeta britanske delegacije predstavlja potvrdu sna\u017ene podr\u0161ke saveznika Crnoj Gori i zajedni\u010dkog opredjeljenja da se hibridnim prijetnjama odgovori koordinisano i odlu\u010dno. Atlantski savez zahvalio je parlamentarcima Ujedinjenog Kraljevstva na interesovanju, kontinuiranoj podr\u0161ci i partnerstvu koje ostaje klju\u010dno za o\u010duvanje evropske i euroatlantske budu\u0107nosti Crne Gore&#8220;, zaklju\u010dili su iz Saveza.<\/p>","protected":false},"excerpt":{"rendered":"<p>&#8222;Atlantski savez Crne Gore danas je ugostio delegaciju Odbora za vanjske poslove britanskog Parlamenta, zajedno sa predstavnicima Ambasade Ujedinjenog Kraljevstva u Podgorici. Posjeta, dio regionalne turneje britanskih parlamentaraca, imala je za cilj bolje razumijevanje politi\u010dkih i bezbjednosnih izazova sa kojima se Crna Gora suo\u010dava na putu ka Evropskoj uniji&#8220;, naveli su iz Atlanskog saveza Crne Gore.<\/p>","protected":false},"author":1,"featured_media":882733,"comment_status":"open","ping_status":"open","sticky":false,"template":"","format":"standard","meta":{"_acf_changed":false,"footnotes":"","jetpack_publicize_message":"","jetpack_publicize_feature_enabled":true,"jetpack_social_post_already_shared":false,"jetpack_social_options":{"image_generator_settings":{"template":"highway","default_image_id":0,"font":"","enabled":false},"version":2}},"categories":[7],"tags":[14227,188,6886],"naslovna":[],"class_list":["post-882730","post","type-post","status-publish","format-standard","has-post-thumbnail","hentry","category-politika","tag-atlanski-savez","tag-crna-gora","tag-dezinformacija"],"acf":[],"jetpack_publicize_connections":[],"_links":{"self":[{"href":"https:\/\/gradski.me\/en\/wp-json\/wp\/v2\/posts\/882730","targetHints":{"allow":["GET"]}}],"collection":[{"href":"https:\/\/gradski.me\/en\/wp-json\/wp\/v2\/posts"}],"about":[{"href":"https:\/\/gradski.me\/en\/wp-json\/wp\/v2\/types\/post"}],"author":[{"embeddable":true,"href":"https:\/\/gradski.me\/en\/wp-json\/wp\/v2\/users\/1"}],"replies":[{"embeddable":true,"href":"https:\/\/gradski.me\/en\/wp-json\/wp\/v2\/comments?post=882730"}],"version-history":[{"count":0,"href":"https:\/\/gradski.me\/en\/wp-json\/wp\/v2\/posts\/882730\/revisions"}],"wp:featuredmedia":[{"embeddable":true,"href":"https:\/\/gradski.me\/en\/wp-json\/wp\/v2\/media\/882733"}],"wp:attachment":[{"href":"https:\/\/gradski.me\/en\/wp-json\/wp\/v2\/media?parent=882730"}],"wp:term":[{"taxonomy":"category","embeddable":true,"href":"https:\/\/gradski.me\/en\/wp-json\/wp\/v2\/categories?post=882730"},{"taxonomy":"post_tag","embeddable":true,"href":"https:\/\/gradski.me\/en\/wp-json\/wp\/v2\/tags?post=882730"},{"taxonomy":"naslovna","embeddable":true,"href":"https:\/\/gradski.me\/en\/wp-json\/wp\/v2\/naslovna?post=882730"}],"curies":[{"name":"wp","href":"https:\/\/api.w.org\/{rel}","templated":true}]}}