{"id":882706,"date":"2025-12-02T13:13:00","date_gmt":"2025-12-02T12:13:00","guid":{"rendered":"https:\/\/gradski.me\/?p=882706"},"modified":"2025-12-02T13:13:00","modified_gmt":"2025-12-02T12:13:00","slug":"decembarska-umjetnicka-scena-deus-2025","status":"publish","type":"post","link":"https:\/\/gradski.me\/en\/kultura\/decembarska-umjetnicka-scena-deus-2025\/","title":{"rendered":"Decembarska umjetni\u010dka scena \u2013 DEUS 2025."},"content":{"rendered":"<p><\/p>\n\n\n\n<p>Ljubiteljima kulture i umjetnosti ponudi\u0107e 20 raznovrsnih programa iz oblasti pozori\u0161ta, muzike, knji\u017eevnosti, filma i vizuelnih umjetnosti. Posjetioci \u0107e imati priliku da u\u017eivaju u bogatom i raznolikom kulturno-umjetni\u010dkom programu tokom \u010ditavog mjeseca.<\/p>\n\n\n\n<p>Ovogodi\u0161nji DEUS otvara 1. decembra premijerno izdanje Me\u0111unarodnog festivala pozori\u0161ne re\u017eije \u201eJago\u0161 Markovi\u0107\u201c, posve\u0107enog stvarala\u010dkom duhu jednog od najzna\u010dajnijih reditelja ju\u017enoslovenskih prostora. U okviru prvog &#8211; revijalnog izdanja Festivala, bi\u0107e izvedene Markovi\u0107eve predstave: &#8222;\u0106elava pjeva\u010dica&#8220;, &#8222;Filomena Marturano&#8220;, &#8222;Hasanaginica&#8220;, &#8222;Sumrak bogova&#8220;, &#8222;Sumnjivo lice&#8220; i &#8222;\u010carobnjak iz Oza&#8220;. Festival \u0107e trajati do 6. decembra.<\/p>\n\n\n\n<p>U \u010detvrtak, 4. decembra, u 19 \u010dasova, u Kuslevovoj ku\u0107i bi\u0107e otvorena izlo\u017eba \u201eTambura\u0161ka tradicija u Pljevljima\u201c, a dan kasnije, u istom terminu, u Multimedijalnoj sali KIC-a \u201eBudo Tomovi\u0107\u201c, bi\u0107e uprili\u010dena promocija knjige \u201eNeprijatelj mojih kantovskih \u0161etnji\u201c, autora Gorana Sekulovi\u0107a.<\/p>\n\n\n\n<p>U okviru programa za djecu, u subotu, 6. decembra, u \u010detiri termina (12.00, 12.50, 13.40 i 14.30h), u Sali \u201eBo\u017eidar Vukovi\u0107 Podgori\u010danin\u201c Narodne biblioteke \u201eRadosav Ljumovi\u0107\u201c, bi\u0107e odr\u017eane besplatne radionice \u201ePri\u010dotvorci\u201c, zasnovane na me\u0111unarodnom programu Reading &amp; Writing for Critical Thinking (RWCT) i metodama dramske pedagogije. Autorka i voditeljka programa je Sanja \u0110uri\u010dkovi\u0107, a radionice su namijenjene djeci uzrasta od 7 do 10 godina.<\/p>\n\n\n\n<p>U utorak, 16. decembra, u podne, u Dodestu, \u0107e biti izvedena dje\u010dija lutkarska predstava \u201eKu\u010de koje nije umjelo da laje\u201c, po tekstu i u re\u017eiji Davora Dragojevi\u0107a.<\/p>\n\n\n\n<p>Muzi\u010dki dio DEUS-a po\u010dinje 7. decembra koncertom \u201ePjevamo pjesme Ksenijine\u201c, Zdravka \u0110uranovi\u0107a i \u0160ukrije \u017dutog Serhatli\u0107a, uz pratnju kvinteta Ivana Pekovi\u0107a. U utorak, 9. decembra, u okviru X Me\u0111unarodnog festivala \u201eDani gitare u Podgorici\u201c, nastupi\u0107e gitarista Petar Nikoli\u0107, kao i flamenko-gitarista Juan Lorenzo i flamenko-plesa\u010dica Anna Sinel iz \u0160panije. Muzi\u010dko-poetski spektakl \u201eAurora Amoris\u201c, sopranistkinje Aleksandre Vojvodi\u0107 Jovovi\u0107 bi\u0107e odr\u017ean 11. decembra, dok \u0107e 12. decembra biti uprili\u010den sve\u010dani koncert povodom 60 godina postojanja AKUD-\u0430 \u201eMirko Srzenti\u0107\u201c.<\/p>\n\n\n\n<p>Koncert Umjetni\u010dke \u0161kole za muziku i balet \u201eVasa Pavi\u0107\u201c u Podgorici, koji se organizuje u saradnji sa Kancelarijom za mlade \u2013 Sekretarijat za lokalnu samoupravu i saradnju s civilnim dru\u0161tvom, bi\u0107e odr\u017ean 14. decembra u Velikoj sali KIC-a &#8222;Budo Tomovi\u0107&#8220;, a 15. decembra, u istom prostoru, nastupi\u0107e \u0161panski i italijanski gitaristi Javier Garc\u00eda Moreno, Lucio Matarazzo i Giovanni Masi, u okviru festivala \u201eDani gitare u Podgorici\u201c.<\/p>\n\n\n\n<p>Koncert ruskog pijaniste Rema Urasina bi\u0107e odr\u017ean 16. decembra, nakon \u010dega \u0107e od 16. do 18. decembra biti organizovan Me\u0111unarodni festival muzike \u201eKontrasti\u201c.<\/p>\n\n\n\n<p>U \u010detvrtak, 18. decembra, u 19 \u010dasova, bi\u0107e otvoren Podgori\u010dki likovni salon u Modernoj galeriji.<\/p>\n\n\n\n<p>Hor \u201eZvjezdice\u201c obilje\u017ei\u0107e 40 godina postojanja koncertom 20. decembra, dok \u0107e muzi\u010dke \u0161kole \u201eAndre Navara\u201c i \u201eVasa Pavi\u0107\u201c prirediti koncerte 22. i 25. decembra.<\/p>\n\n\n\n<p>Koncert u\u010denika Umjetni\u010dke \u0161kole osnovnog i srednjeg muzi\u010dkog obrazovanja za talente \u201cAndre Navara\u201d, odr\u017ea\u0107e se u ponedjeljak, 22. decembra, u 18 \u010dasova u sali Dodesta, KIC-a \u201cBudo Tomovi\u0107\u201d, dok \u0107e koncert profesora Umjetni\u010dke \u0161kole za muziku i balet &#8222;Vasa Pavi\u0107&#8220;, biti uprili\u010den u \u010detvrtak 25. decembra, u 20 \u010dasova, u koncertnoj sali \u0161kole.<\/p>\n\n\n\n<p>U okviru pozori\u0161nog segmenta, 17. decembra, bi\u0107e izvedena predstava \u201eBolivud\u201c Gradskog pozori\u0161ta. Dje\u010dije i omladinske predstave posve\u0107ene temama bolesti zavisnosti i vr\u0161nja\u010dkog nasilja bi\u0107e izvedene 18. decembra.<\/p>\n\n\n\n<p>XX smotra kratke video forme odr\u017ea\u0107e se 20. i 21. decembra, dok \u0107e manifestacija biti zatvorena 29. decembra premijerom stand-up show-a \u201eNezavisan\u201c, Andrije Dabanovi\u0107a.<\/p>\n\n\n\n<p>Tradicionalna manifestacija Decembarska umjetni\u010dka scena \u2013 DEUS organizuje se pod pokroviteljstvom Glavnog grada Podgorica, u organizaciji Sekretarijata za kulturu.<\/p>","protected":false},"excerpt":{"rendered":"<p>Trideset tre\u0107e izdanje manifestacije Decembarska umjetni\u010dka scena \u2013 DEUS 2025, po\u010dinje 1. a zavr\u0161ava se 29. decembra.<\/p>","protected":false},"author":1,"featured_media":882710,"comment_status":"open","ping_status":"open","sticky":false,"template":"","format":"standard","meta":{"_acf_changed":false,"footnotes":"","jetpack_publicize_message":"","jetpack_publicize_feature_enabled":true,"jetpack_social_post_already_shared":false,"jetpack_social_options":{"image_generator_settings":{"template":"highway","default_image_id":0,"font":"","enabled":false},"version":2}},"categories":[11],"tags":[14205,14206],"naslovna":[],"class_list":["post-882706","post","type-post","status-publish","format-standard","has-post-thumbnail","hentry","category-kultura","tag-decembarska-umjetnicka-scena","tag-deus-2025"],"acf":[],"jetpack_publicize_connections":[],"_links":{"self":[{"href":"https:\/\/gradski.me\/en\/wp-json\/wp\/v2\/posts\/882706","targetHints":{"allow":["GET"]}}],"collection":[{"href":"https:\/\/gradski.me\/en\/wp-json\/wp\/v2\/posts"}],"about":[{"href":"https:\/\/gradski.me\/en\/wp-json\/wp\/v2\/types\/post"}],"author":[{"embeddable":true,"href":"https:\/\/gradski.me\/en\/wp-json\/wp\/v2\/users\/1"}],"replies":[{"embeddable":true,"href":"https:\/\/gradski.me\/en\/wp-json\/wp\/v2\/comments?post=882706"}],"version-history":[{"count":0,"href":"https:\/\/gradski.me\/en\/wp-json\/wp\/v2\/posts\/882706\/revisions"}],"wp:featuredmedia":[{"embeddable":true,"href":"https:\/\/gradski.me\/en\/wp-json\/wp\/v2\/media\/882710"}],"wp:attachment":[{"href":"https:\/\/gradski.me\/en\/wp-json\/wp\/v2\/media?parent=882706"}],"wp:term":[{"taxonomy":"category","embeddable":true,"href":"https:\/\/gradski.me\/en\/wp-json\/wp\/v2\/categories?post=882706"},{"taxonomy":"post_tag","embeddable":true,"href":"https:\/\/gradski.me\/en\/wp-json\/wp\/v2\/tags?post=882706"},{"taxonomy":"naslovna","embeddable":true,"href":"https:\/\/gradski.me\/en\/wp-json\/wp\/v2\/naslovna?post=882706"}],"curies":[{"name":"wp","href":"https:\/\/api.w.org\/{rel}","templated":true}]}}