{"id":882611,"date":"2025-12-02T11:43:00","date_gmt":"2025-12-02T10:43:00","guid":{"rendered":"https:\/\/gradski.me\/?p=882611"},"modified":"2025-12-02T11:43:00","modified_gmt":"2025-12-02T10:43:00","slug":"opstina-bar-predstava-hocu-kuci-u-petak-u-domu-kulture-podsticaj-drustvenom-angazmanu-mladih-kroz-pozoriste","status":"publish","type":"post","link":"https:\/\/gradski.me\/en\/kultura\/opstina-bar-predstava-hocu-kuci-u-petak-u-domu-kulture-podsticaj-drustvenom-angazmanu-mladih-kroz-pozoriste\/","title":{"rendered":"Op\u0161tina Bar: Predstava \u201cHo\u0107u ku\u0107i\u201d u petak u Domu kulture; podsticaj dru\u0161tvenom anga\u017emanu mladih kroz pozori\u0161te\u00a0"},"content":{"rendered":"<p><\/p>\n\n\n\n<p>U organizaciji Op\u0161tine Bar, ovaj komad edukativnog karaktera namijenjen je publici uzrasta 15+ godina i ima za cilj da podstakne dru\u0161tveni anga\u017eman mladih kroz pozori\u0161te, te da im pru\u017ei priliku da razviju kriti\u010dko mi\u0161ljenje i empatiju kroz umjetnost.&nbsp;<\/p>\n\n\n\n<p>\u201cHo\u0107u ku\u0107i\u201d bavi se pitanjem doma, pripadnosti i granica \u2013 onih vidljivih, ali i nevidljivih. Na sceni se susrije\u0107u dva mladi\u0107a: Khaled &#8211; migrant iz Maroka koji tra\u017ei sigurnost i novi po\u010detak i Denis &#8211;\u00a0 Sarajlija u potrazi za vlastitim putem i potvrdom u svijetu umjetnosti. Njihovi \u017eivoti se ukr\u0161taju u trenutku koji postaje presudan i za jednog i za drugog, navode iz Op\u0161tine Bar.<\/p>\n\n\n\n<p>Ovaj komad nije samo drama o migracijama, identitetu i savremenom dru\u0161tvu. \u201eHo\u0107u ku\u0107i\u201c je najprije bajka o prijateljstvu. Kroz humor, emotivne situacije i svakodnevne konflikte predstava prikazuje proces rastu\u0107e empatije i samospoznaje likova.&nbsp;<\/p>\n\n\n\n<p>&#8220;Nakon igranja predstave, bi\u0107e odr\u017ean i neformalni razgovor autora sa mladima o njihovim \u017eivotima, iskustvima i izazovima, kako bi se podstakla istinska razmjena mi\u0161ljenja i razmi\u0161ljanje o svijetu koji ih okru\u017euje&#8220;, isti\u010du iz Op\u0161tine Bar.<\/p>\n\n\n\n<p>Re\u017eiju potpisuje Sa\u0161a Pe\u0161evski, a ulaz je slobodan.<\/p>\n\n\n\n<p>&#8220;Organizacijom ovog programa lokalna uprava te\u017ei stvaranje prostora u kojem mladi mogu da prepoznaju umjetnost kao sredstvo li\u010dnog razvoja, dijaloga i dru\u0161tvene odgovornosti&#8220;, zaklju\u010duju iz Op\u0161tine Bar.<\/p>\n\n\n\n<p><\/p>","protected":false},"excerpt":{"rendered":"<p>Autorska predstava mladih stvaralaca, Davora Golubovi\u0107a i Irfana Ribi\u0107a, koja nosi naziv \u201cHo\u0107u kuci\u201d, bi\u0107e odigrana u petak, 5. decembra u sali Doma kulture \u201cVladimir Popovi\u0107 \u0160panac\u201d, sa po\u010detkom u 11 \u010dasova, saop\u0161teno je iz Op\u0161tine Bar.<\/p>","protected":false},"author":1,"featured_media":882614,"comment_status":"open","ping_status":"open","sticky":false,"template":"","format":"standard","meta":{"_acf_changed":false,"footnotes":"","jetpack_publicize_message":"","jetpack_publicize_feature_enabled":true,"jetpack_social_post_already_shared":false,"jetpack_social_options":{"image_generator_settings":{"template":"highway","default_image_id":0,"font":"","enabled":false},"version":2}},"categories":[11],"tags":[14170,14171,14172,1439,9540,5666,14173],"naslovna":[],"class_list":["post-882611","post","type-post","status-publish","format-standard","has-post-thumbnail","hentry","category-kultura","tag-5-decembar","tag-dom-kulture","tag-drustveni-angazman-mladih","tag-opstina-bar","tag-petak","tag-pozoriste","tag-predstava-hocu-kuci"],"acf":[],"jetpack_publicize_connections":[],"_links":{"self":[{"href":"https:\/\/gradski.me\/en\/wp-json\/wp\/v2\/posts\/882611","targetHints":{"allow":["GET"]}}],"collection":[{"href":"https:\/\/gradski.me\/en\/wp-json\/wp\/v2\/posts"}],"about":[{"href":"https:\/\/gradski.me\/en\/wp-json\/wp\/v2\/types\/post"}],"author":[{"embeddable":true,"href":"https:\/\/gradski.me\/en\/wp-json\/wp\/v2\/users\/1"}],"replies":[{"embeddable":true,"href":"https:\/\/gradski.me\/en\/wp-json\/wp\/v2\/comments?post=882611"}],"version-history":[{"count":0,"href":"https:\/\/gradski.me\/en\/wp-json\/wp\/v2\/posts\/882611\/revisions"}],"wp:featuredmedia":[{"embeddable":true,"href":"https:\/\/gradski.me\/en\/wp-json\/wp\/v2\/media\/882614"}],"wp:attachment":[{"href":"https:\/\/gradski.me\/en\/wp-json\/wp\/v2\/media?parent=882611"}],"wp:term":[{"taxonomy":"category","embeddable":true,"href":"https:\/\/gradski.me\/en\/wp-json\/wp\/v2\/categories?post=882611"},{"taxonomy":"post_tag","embeddable":true,"href":"https:\/\/gradski.me\/en\/wp-json\/wp\/v2\/tags?post=882611"},{"taxonomy":"naslovna","embeddable":true,"href":"https:\/\/gradski.me\/en\/wp-json\/wp\/v2\/naslovna?post=882611"}],"curies":[{"name":"wp","href":"https:\/\/api.w.org\/{rel}","templated":true}]}}