{"id":882583,"date":"2025-12-02T08:25:00","date_gmt":"2025-12-02T07:25:00","guid":{"rendered":"https:\/\/gradski.me\/?p=882583"},"modified":"2025-12-02T08:25:00","modified_gmt":"2025-12-02T07:25:00","slug":"gp-debeli-brijeg-kod-grka-pronadjeno-blizu-59-000-britanskih-funti-sakrivenih-u-vozilu-zabranjen-mu-ulazak-u-crnu-goru","status":"publish","type":"post","link":"https:\/\/gradski.me\/en\/hronika\/gp-debeli-brijeg-kod-grka-pronadjeno-blizu-59-000-britanskih-funti-sakrivenih-u-vozilu-zabranjen-mu-ulazak-u-crnu-goru\/","title":{"rendered":"Debeli Brijeg: Kod Grka prona\u0111eno 59.000 funti sakrivenih u vozilu; zabranjen mu ulazak u Crnu Goru"},"content":{"rendered":"<p><\/p>\n\n\n\n<p>Detaljnom kontrolom na drugoj liniji grani\u010dnih provjera, u vozilu je prona\u0111en novac u iznosu od 58.935 britanskih funti i 60 \u0161kotskih funti, koji je bio sakriven ispod patosnica vozila, u d\u017eepovima sjedi\u0161ta, kao i u torbi i odje\u0107i, navode iz Uprave policije.<\/p>\n\n\n\n<p>&#8220;Sa doga\u0111ajem su upoznati slu\u017ebenici Specijalnog policijskog odjeljenja, koji su od lica I.M. privremeno oduzeli novac, radi daljih provjera&#8220;, kazali su iz Uprave policije.<\/p>\n\n\n\n<p>Iz Uprave policije isti\u010du kako su policijski slu\u017ebenici nakon sprovedenih slu\u017ebenih radnji, licu I.M. uru\u010dili Rje\u0161enje o zabrani ulaska u Crnu Goru<\/p>\n\n\n\n<p>&#8220;Uprava policije i Uprava carina nastavljaju aktivnosti na suzbijanju prekograni\u010dnog kriminala sprovo\u0111enjem poja\u010danih grani\u010dnih kontrola i kroz sna\u017enu me\u0111uinstitucionalnu saradnju, sa ciljem za\u0161tite finansijskog i bezbjednosnog sistema Crne Gore&#8220;, zaklju\u010duju iz Uprave policije.<\/p>","protected":false},"excerpt":{"rendered":"<p>Slu\u017ebenici Regionalnog centra grani\u010dne policije \u201cJug\u201d &#8211; Stanice grani\u010dne policije Herceg Novi su preduzimaju\u0107i aktivnosti usmjerene na suzbijanje svih oblika prekograni\u010dnog kriminala, u saradnji sa slu\u017ebenicima Uprave carina i Frontexa, ju\u010de na grani\u010dnom prelazu Debeli Brijeg, prilikom poku\u0161aja ulaska u Crnu Goru, kontrolisali vozilo marke Mercedes, E-klase, registarskih oznaka Velike Britanije, kojim je upravljao I.M. (34) dr\u017eavljanin Republike Gr\u010dke, saop\u0161teno je iz Uprave policije.<\/p>","protected":false},"author":1,"featured_media":882584,"comment_status":"open","ping_status":"open","sticky":false,"template":"","format":"standard","meta":{"_acf_changed":false,"footnotes":"","jetpack_publicize_message":"","jetpack_publicize_feature_enabled":true,"jetpack_social_post_already_shared":false,"jetpack_social_options":{"image_generator_settings":{"template":"highway","default_image_id":0,"font":"","enabled":false},"version":2}},"categories":[10],"tags":[188,2980,14131,14132,14133,14134],"naslovna":[],"class_list":["post-882583","post","type-post","status-publish","format-standard","has-post-thumbnail","hentry","category-hronika","tag-crna-gora","tag-gp-debeli-brijeg","tag-grk","tag-pronadjene-britanske-funte","tag-sakrivene-u-vozilu","tag-zabranjen-ulazak"],"acf":[],"jetpack_publicize_connections":[],"_links":{"self":[{"href":"https:\/\/gradski.me\/en\/wp-json\/wp\/v2\/posts\/882583","targetHints":{"allow":["GET"]}}],"collection":[{"href":"https:\/\/gradski.me\/en\/wp-json\/wp\/v2\/posts"}],"about":[{"href":"https:\/\/gradski.me\/en\/wp-json\/wp\/v2\/types\/post"}],"author":[{"embeddable":true,"href":"https:\/\/gradski.me\/en\/wp-json\/wp\/v2\/users\/1"}],"replies":[{"embeddable":true,"href":"https:\/\/gradski.me\/en\/wp-json\/wp\/v2\/comments?post=882583"}],"version-history":[{"count":0,"href":"https:\/\/gradski.me\/en\/wp-json\/wp\/v2\/posts\/882583\/revisions"}],"wp:featuredmedia":[{"embeddable":true,"href":"https:\/\/gradski.me\/en\/wp-json\/wp\/v2\/media\/882584"}],"wp:attachment":[{"href":"https:\/\/gradski.me\/en\/wp-json\/wp\/v2\/media?parent=882583"}],"wp:term":[{"taxonomy":"category","embeddable":true,"href":"https:\/\/gradski.me\/en\/wp-json\/wp\/v2\/categories?post=882583"},{"taxonomy":"post_tag","embeddable":true,"href":"https:\/\/gradski.me\/en\/wp-json\/wp\/v2\/tags?post=882583"},{"taxonomy":"naslovna","embeddable":true,"href":"https:\/\/gradski.me\/en\/wp-json\/wp\/v2\/naslovna?post=882583"}],"curies":[{"name":"wp","href":"https:\/\/api.w.org\/{rel}","templated":true}]}}