{"id":882380,"date":"2025-12-01T21:38:00","date_gmt":"2025-12-01T20:38:00","guid":{"rendered":"https:\/\/gradski.me\/?p=882380"},"modified":"2025-12-01T21:38:00","modified_gmt":"2025-12-01T20:38:00","slug":"erdogan-napade-dronovima-naziva-zabrinjavajucom-eskalacijom","status":"publish","type":"post","link":"https:\/\/gradski.me\/en\/svijet\/erdogan-napade-dronovima-naziva-zabrinjavajucom-eskalacijom\/","title":{"rendered":"Erdogan napade dronovima naziva &#8222;zabrinjavaju\u0107om eskalacijom&#8220;"},"content":{"rendered":"<p><\/p>\n\n\n\n<p>&#8222;Ni pod kojim okolnostima ne mo\u017eemo prihvatiti ove napade, koji ugro\u017eavaju sigurnost plovidbe, okoline i \u017eivote u na\u0161oj isklju\u010divoj ekonomskoj zoni&#8220;, rekao je Erdogan nakon sastanka kabineta u Ankari, misle\u0107i na podru\u010dje Crnog mora gdje Turska ima posebna prava nad prirodnim resursima prema me\u0111unarodnom pravu.<\/p>\n\n\n\n<p>Komentari su uslijedili nakon napada ukrajinskih mornari\u010dkih dronovima u petak nave\u010de na dva tankera povezana s Rusijom, Kairos i Virat, dok su plovili prema ruskoj luci Novorosijsk kako bi utovarili naftu za izvoz.<\/p>\n\n\n\n<h2 class=\"wp-block-heading\">&#8222;Flota u sjenci&#8220;<\/h2>\n\n\n\n<p>Brodovi, opisani u bazama podataka o sankcijama otvorenog koda kao dio ruske &#8222;flote u sjenci&#8220; koja se koristi za zaobila\u017eenje zapadnih naftnih ograni\u010denja, pogo\u0111eni su u brzom slijedu kod sjeverne obale Turske, izazvav\u0161i po\u017eare, ali nije bilo prijavljenih \u017ertava.<\/p>\n\n\n\n<p>U subotu je portparol turskog ministarstva vanjskih poslova Oncu Keceli izjavio da su se napadi dogodili unutar turske ekskluzivne ekonomske zone i da &#8222;predstavljaju ozbiljne rizike za plovidbu, \u017eivote, imovinu i sigurnost okoline u regiji&#8220;.&nbsp;<\/p>\n\n\n\n<p>Dodao je da je Ankara zapo\u010dela razgovore s &#8222;relevantnim stranama&#8220; kako bi sprije\u010dila \u0161irenje sukoba preko Crnog mora i za\u0161titila turske ekonomske interese.<\/p>\n\n\n\n<h2 class=\"wp-block-heading\">Tankeri bili legitimne mete ukrajinskim snagama<\/h2>\n\n\n\n<p>Ukrajinske sigurnosne slu\u017ebe ka\u017eu da su u operaciji koristile doma\u0107e mornari\u010dke dronove Sea Baby, predstavljaju\u0107i tankere kao legitimne mete povezane s ruskim prihodima od nafte, koji poma\u017eu u finansiranju invazije velikih razmjera pokrenute 2022. godine.<\/p>\n\n\n\n<p>Kijev je pozvao zapadne vlade da djeluju protiv &#8222;flote u sjenci&#8220; i pre\u0161ao je s napada na rafinerije na ruskom teritoriju na napade na brodove na moru u nastojanju da ograni\u010di izvozne kapacitete Moskve, prenosi &#8222;<a href=\"https:\/\/www.turkishminute.com\/2025\/12\/01\/erdogan-calls-black-sea-drone-strikes-a-worrying-escalation\/\" rel=\"noreferrer noopener\" target=\"_blank\">Turkish Minute<\/a>\u201e.<\/p>","protected":false},"excerpt":{"rendered":"<p>Turski predsjednik Red\u017eep Tad\u017eip Erdogan u ponedjeljak je osudio napade dronovima na naftne tankere koji su plovili prema Rusiji u blizini turske obale Crnog mora, za koje je Ukrajina preuzela odgovornost, nazvav\u0161i ih zabrinjavaju\u0107om eskalacijom koja rat dovodi u turske vode.<\/p>","protected":false},"author":1,"featured_media":619793,"comment_status":"open","ping_status":"open","sticky":false,"template":"","format":"standard","meta":{"_acf_changed":false,"footnotes":"","jetpack_publicize_message":"","jetpack_publicize_feature_enabled":true,"jetpack_social_post_already_shared":false,"jetpack_social_options":{"image_generator_settings":{"template":"highway","default_image_id":0,"font":"","enabled":false},"version":2}},"categories":[14],"tags":[4311,7373,14096],"naslovna":[],"class_list":["post-882380","post","type-post","status-publish","format-standard","has-post-thumbnail","hentry","category-svijet","tag-erdogan","tag-eskalacija","tag-napadi-dronovima"],"acf":[],"jetpack_publicize_connections":[],"_links":{"self":[{"href":"https:\/\/gradski.me\/en\/wp-json\/wp\/v2\/posts\/882380","targetHints":{"allow":["GET"]}}],"collection":[{"href":"https:\/\/gradski.me\/en\/wp-json\/wp\/v2\/posts"}],"about":[{"href":"https:\/\/gradski.me\/en\/wp-json\/wp\/v2\/types\/post"}],"author":[{"embeddable":true,"href":"https:\/\/gradski.me\/en\/wp-json\/wp\/v2\/users\/1"}],"replies":[{"embeddable":true,"href":"https:\/\/gradski.me\/en\/wp-json\/wp\/v2\/comments?post=882380"}],"version-history":[{"count":0,"href":"https:\/\/gradski.me\/en\/wp-json\/wp\/v2\/posts\/882380\/revisions"}],"wp:featuredmedia":[{"embeddable":true,"href":"https:\/\/gradski.me\/en\/wp-json\/wp\/v2\/media\/619793"}],"wp:attachment":[{"href":"https:\/\/gradski.me\/en\/wp-json\/wp\/v2\/media?parent=882380"}],"wp:term":[{"taxonomy":"category","embeddable":true,"href":"https:\/\/gradski.me\/en\/wp-json\/wp\/v2\/categories?post=882380"},{"taxonomy":"post_tag","embeddable":true,"href":"https:\/\/gradski.me\/en\/wp-json\/wp\/v2\/tags?post=882380"},{"taxonomy":"naslovna","embeddable":true,"href":"https:\/\/gradski.me\/en\/wp-json\/wp\/v2\/naslovna?post=882380"}],"curies":[{"name":"wp","href":"https:\/\/api.w.org\/{rel}","templated":true}]}}