{"id":882296,"date":"2025-12-02T09:23:00","date_gmt":"2025-12-02T08:23:00","guid":{"rendered":"https:\/\/gradski.me\/?p=882296"},"modified":"2025-12-02T09:23:00","modified_gmt":"2025-12-02T08:23:00","slug":"kotorani-zele-da-se-revansiraju-oradei","status":"publish","type":"post","link":"https:\/\/gradski.me\/en\/sport\/kotorani-zele-da-se-revansiraju-oradei\/","title":{"rendered":"Kotorani \u017eele da se revan\u0161iraju Oradei"},"content":{"rendered":"<p>Kotorani nakon \u010detiri kola na nuli i izgubili su sve \u0161anse da se domognu nokaut faze, me\u0111utim crnogorski viceprvak \u0107e poku\u0161ati da se revan\u0161ira Rumunima za ubjedljiv poraz u prvom dijelu (14:7).<\/p>\n\n\n\n<p>&#8222;Ostala nam je jo\u0161 jedna utakmica do kraja polusezone. Oradea je rival koji nam je du\u017enik iz prvog dijela, koji nas je dosta lagano pobijedio u Rumuniji. Dobra prilika da im se revan\u0161iramo. Radi se o ekipi koja je dobra. Nije me\u0111u najboljima u Evropi, ali dobra, disciplinovana ekipa&#8220;, kazao je vaterpolista Primorca, Dra\u0161ko Brguljan. <\/p>\n\n\n\n<p>Primorac \u0107e evropski put nastaviti u Evrokupu. <\/p>\n\n\n\n<p>&#8222;Pred prvi me\u010d sam rekao da su dobro organizovani. Imaju vrhunskog trenera, koji sve to dr\u017ei, koji je odavde na\u0161 Kotoranin, dobro nas poznaje i dobro \u0107e pripremiti me\u010d. Imamo danas i sjutra ujutru da se \u0161to bolje pripremimo i fizi\u010dko oporavimo od finala Kupa, da damo svoj maksimum. Nadam se da se oprostimo pobjedom i odemo na pauzu u dobrom ambijentu&#8220;, zaklju\u010dio je Brguljan. <\/p>\n\n\n\n<p>Utakmica izme\u0111u Primorca i Oradee na programu je danas (18.30h) na bazenu &#8222;Zoran D\u017eimi Gop\u010devi\u0107&#8220;. <\/p>\n\n\n\n<p>U drugom me\u010du ove grupe dva sata kasnije sastaju se Ferencvaro\u0161 i Bre\u0161a.<\/p>","protected":false},"excerpt":{"rendered":"<p>Vaterpolisti Primorca do\u010dekuju danas ekipu rumunske Oradee u utakmici petog kola grupe C Lige \u0161ampiona. <\/p>","protected":false},"author":1,"featured_media":618663,"comment_status":"open","ping_status":"open","sticky":false,"template":"","format":"standard","meta":{"_acf_changed":false,"footnotes":"","jetpack_publicize_message":"","jetpack_publicize_feature_enabled":true,"jetpack_social_post_already_shared":false,"jetpack_social_options":{"image_generator_settings":{"template":"highway","default_image_id":0,"font":"","enabled":false},"version":2}},"categories":[15],"tags":[9382,14109,14110,508],"naslovna":[],"class_list":["post-882296","post","type-post","status-publish","format-standard","has-post-thumbnail","hentry","category-sport","tag-drasko-brguljan","tag-liga-sampiona-za-vaterpoliste","tag-oradea","tag-vpk-primorac"],"acf":[],"jetpack_publicize_connections":[],"_links":{"self":[{"href":"https:\/\/gradski.me\/en\/wp-json\/wp\/v2\/posts\/882296","targetHints":{"allow":["GET"]}}],"collection":[{"href":"https:\/\/gradski.me\/en\/wp-json\/wp\/v2\/posts"}],"about":[{"href":"https:\/\/gradski.me\/en\/wp-json\/wp\/v2\/types\/post"}],"author":[{"embeddable":true,"href":"https:\/\/gradski.me\/en\/wp-json\/wp\/v2\/users\/1"}],"replies":[{"embeddable":true,"href":"https:\/\/gradski.me\/en\/wp-json\/wp\/v2\/comments?post=882296"}],"version-history":[{"count":0,"href":"https:\/\/gradski.me\/en\/wp-json\/wp\/v2\/posts\/882296\/revisions"}],"wp:featuredmedia":[{"embeddable":true,"href":"https:\/\/gradski.me\/en\/wp-json\/wp\/v2\/media\/618663"}],"wp:attachment":[{"href":"https:\/\/gradski.me\/en\/wp-json\/wp\/v2\/media?parent=882296"}],"wp:term":[{"taxonomy":"category","embeddable":true,"href":"https:\/\/gradski.me\/en\/wp-json\/wp\/v2\/categories?post=882296"},{"taxonomy":"post_tag","embeddable":true,"href":"https:\/\/gradski.me\/en\/wp-json\/wp\/v2\/tags?post=882296"},{"taxonomy":"naslovna","embeddable":true,"href":"https:\/\/gradski.me\/en\/wp-json\/wp\/v2\/naslovna?post=882296"}],"curies":[{"name":"wp","href":"https:\/\/api.w.org\/{rel}","templated":true}]}}