{"id":881988,"date":"2025-12-01T11:46:00","date_gmt":"2025-12-01T10:46:00","guid":{"rendered":"https:\/\/gradski.me\/?p=881988"},"modified":"2025-12-01T11:46:00","modified_gmt":"2025-12-01T10:46:00","slug":"aneksije-1918-godine-nije-bilo","status":"publish","type":"post","link":"https:\/\/gradski.me\/en\/politika\/aneksije-1918-godine-nije-bilo\/","title":{"rendered":"Aneksije 1918. godine nije bilo"},"content":{"rendered":"<p><strong><em>Pi\u0161e: Vojin Gruba\u010d<\/em><\/strong><\/p>\n\n\n\n<p><\/p>\n\n\n\n<p>Naime, nakon 1918. godine, Kraljevina SHS je bila podijeljena na sedam privremenih pokrajina: Srbiju (sa Sjevernom i Ju\u017enom Srbijom), Crnu Goru, Srem\u2013Ba\u010dku\u2013Baranju, Bosnu i Hercegovinu, Dalmaciju, Hrvatsku i Slavoniju i Sloveniju<\/p>\n\n\n\n<p>Iako su skup\u0161tine u Podgorici i Novom Sadu 1918. godine donijele odluke o prisajedinjenju Srbiji, te odluke nisu sprovedene kroz administrativnu strukturu novoformirane dr\u017eave. Umjesto uklju\u010divanja u pokrajinu Srbiju, navedene oblasti su oformljene kao posebne teritorijalne jedinice. Stoga se, u istorijskom i pravnom smislu, ne mo\u017ee govoriti o realizovanom: dobrovoljnom prisajedinjenju ili navodnoj aneksiji.<\/p>\n\n\n\n<p>Razlikovanje termina \u201eokupacija\u201c i \u201eaneksija\u201c dodatno poja\u0161njava primjer Bosne i Hercegovine koja je poslije 1978. godine, nakon tridesetogodi\u0161nje uprave Austrougarske formalno anektirana tek 1908. godine. Nasuprot tome, u slu\u010daju Crne Gore 1918. godine, administrativni postupci ne ukazuju na sli\u010dan proces.<\/p>\n\n\n\n<p>Politi\u010dke interpretacije koje su insistirale na tezi o \u201eaneksiji\u201c, bez potkrijepljenja faktima, stvarale su dugotrajne dru\u0161tvene tenzije. One i danas \u010desto imaju ideolo\u0161ku i politi\u010dku ulogu u javnom diskursu, s ciljem skretanja pa\u017enje sa strukturnih<\/p>\n\n\n\n<p>problema i ekonomske \u0161tete koju je Crna Gora pretrpjela u novijoj istoriji.<\/p>\n\n\n\n<p>Tridesetogodi\u0161nje dizanje tenzija o tzv. aneksiji Crne Gore od strane Srbije je bio paravan za temeljnu plja\u010dku dr\u017eave, gdje su kroz Crnu Goru tutnjeli kontejneri koakina, \u0161leperi cigareta, izno\u0161ene milijarde evra, a re\u017eirana medijska pra\u0161ina dizana oko \u201eaneksije 1918.\u201c, koje nije bilo. A i da jeste, ta pri\u010da je daleko od va\u017enosti i problema koje je napravio \u0110ukanovi\u0107ev re\u017eim tokom svoje tridesetogodi\u0161nje vladavine.<\/p>\n\n\n\n<p><strong><em>(Mi\u0161ljenja i stavovi autora kolumni nijesu nu\u017eni i stavovodi redakcije Gradskog portala)<\/em><\/strong><\/p>","protected":false},"excerpt":{"rendered":"<p>Tvrdnje o navodnoj aneksiji Crne Gore od strane Srbije nakon 1918. godine, koje se ve\u0107 decenijama pojavljuju u politi\u010dkom i medijskom prostoru, nisu u saglasnosti sa istorijskim \u010dinjenicama o administrativnoj organizaciji Kraljevine Srba, Hrvata i Slovenaca. Prva podjela Kraljevine SHS na privremene pokrajine (1918.\u20131922.) jasno pokazuje da je Crna Gora postojala kao zasebna pokrajina, a ne kao dio pokrajine Srbije. Isto va\u017ei i za oblasti Srema, Ba\u010dke i Baranje.<\/p>","protected":false},"author":1,"featured_media":852240,"comment_status":"open","ping_status":"open","sticky":false,"template":"","format":"standard","meta":{"_acf_changed":false,"footnotes":"","jetpack_publicize_message":"","jetpack_publicize_feature_enabled":true,"jetpack_social_post_already_shared":false,"jetpack_social_options":{"image_generator_settings":{"template":"highway","default_image_id":0,"font":"","enabled":false},"version":2}},"categories":[7],"tags":[7219,7774],"naslovna":[],"class_list":["post-881988","post","type-post","status-publish","format-standard","has-post-thumbnail","hentry","category-politika","tag-aneksija","tag-grubac"],"acf":[],"jetpack_publicize_connections":[],"_links":{"self":[{"href":"https:\/\/gradski.me\/en\/wp-json\/wp\/v2\/posts\/881988","targetHints":{"allow":["GET"]}}],"collection":[{"href":"https:\/\/gradski.me\/en\/wp-json\/wp\/v2\/posts"}],"about":[{"href":"https:\/\/gradski.me\/en\/wp-json\/wp\/v2\/types\/post"}],"author":[{"embeddable":true,"href":"https:\/\/gradski.me\/en\/wp-json\/wp\/v2\/users\/1"}],"replies":[{"embeddable":true,"href":"https:\/\/gradski.me\/en\/wp-json\/wp\/v2\/comments?post=881988"}],"version-history":[{"count":0,"href":"https:\/\/gradski.me\/en\/wp-json\/wp\/v2\/posts\/881988\/revisions"}],"wp:featuredmedia":[{"embeddable":true,"href":"https:\/\/gradski.me\/en\/wp-json\/wp\/v2\/media\/852240"}],"wp:attachment":[{"href":"https:\/\/gradski.me\/en\/wp-json\/wp\/v2\/media?parent=881988"}],"wp:term":[{"taxonomy":"category","embeddable":true,"href":"https:\/\/gradski.me\/en\/wp-json\/wp\/v2\/categories?post=881988"},{"taxonomy":"post_tag","embeddable":true,"href":"https:\/\/gradski.me\/en\/wp-json\/wp\/v2\/tags?post=881988"},{"taxonomy":"naslovna","embeddable":true,"href":"https:\/\/gradski.me\/en\/wp-json\/wp\/v2\/naslovna?post=881988"}],"curies":[{"name":"wp","href":"https:\/\/api.w.org\/{rel}","templated":true}]}}