{"id":881589,"date":"2025-11-30T19:20:00","date_gmt":"2025-11-30T18:20:00","guid":{"rendered":"https:\/\/gradski.me\/?p=881589"},"modified":"2025-11-30T19:20:00","modified_gmt":"2025-11-30T18:20:00","slug":"video-grafiti-sve-veci-problem-za-zeljeznicki-prevoz-godisnje-i-do-20-prijava-vandalizma-zbog-kojih-se-vozovi-iskljucuju-iz-saobracaja","status":"publish","type":"post","link":"https:\/\/gradski.me\/en\/drustvo\/video-grafiti-sve-veci-problem-za-zeljeznicki-prevoz-godisnje-i-do-20-prijava-vandalizma-zbog-kojih-se-vozovi-iskljucuju-iz-saobracaja\/","title":{"rendered":"(VIDEO) Grafiti veliki problem: Godi\u0161nje i do 20 prijava vandalizma zbog kojih se vozovi isklju\u010duju iz saobra\u0107aja"},"content":{"rendered":"<p><\/p>\n\n\n\n<p>Ove godine zabilje\u017een je jedan slu\u010daj kamenovanja voza\u00a0 na relaciji Podgorica &#8211; Nik\u0161i\u0107, ali je ispisivanje grafita na vagonima sve u\u010destalije, upozoravaju iz \u017deljezni\u010dkog prevoza.<\/p>\n\n\n\n<p>&#8222;U 2025. godini imali smo 14 prijava takvih doga\u0111aja, pro\u0161le godine 17, u prosjeku godi\u0161nje imamo od 15 do 20 prijava \u0161tete po osnovu ispisivanja grafita. Na\u0161a putni\u010dka kola su takve konstrukcije da ukoliko se grafiti odmah ne uklone, nakon toga ih je jako te\u0161ko o\u010distiti&#8220;, kazala je PR \u017dPCG, Jovana Jovanovi\u0107.<\/p>\n\n\n\n<p>Taj problem, dodaje, nije jednostavan kako se na prvi pogled \u010dini.<\/p>\n\n\n\n<p>&#8222;Kada imamo grafit koji je ispisan preko odre\u0111enih oznaka ili prozora, na ve\u0107oj povr\u0161ini, shodno na\u0161im pravilnicima, takav voz ne mo\u017ee i\u0107i u saobra\u0107aj. Nije samo estetski problem, ve\u0107 i organizacioni&#8220;, ka\u017ee ona.<\/p>\n\n\n\n<p>Vandale je te\u0161ko identifikovati, pa nije zabilje\u017eeno da je neki gra\u0111anin ka\u017enjen zbog kamenovanja voza ili ispisivanja grafita, navodi Jovanovi\u0107.<\/p>\n\n\n\n<p>&#8222;Ispisivanje grafita se de\u0161ava jako brzo. Te\u0161ko je identifikovati i prijaviti takva lica i prona\u0107i ko to radi. Najizra\u017eenije je u krugu depoa u Podgorici, kod tehni\u010dko-pregledne stanice u Baru, a de\u0161ava se i na samim stanicama u Nik\u0161i\u0107u, Podgorici i Baru. Naj\u010de\u0161\u0107e se de\u0161ava dok se voz na kratko zaustavi ili tokom no\u0107i&#8220;, zaklju\u010duje.<\/p>\n\n\n\n<p>\u0160teta izazvana grafitima se mjeri kroz vi\u0161e aspekata &#8211; tro\u0161kove ci\u0161\u0107enja, nabavke hemijskih sredstava, prekovremeno anga\u017eovanje zaposlenih, navela je Jovanovi\u0107. Istakla je da su rijekti primjeri vandalizma unutar vozova &#8211; te da putnici uglavnom vode ra\u010duna.<\/p>\n\n\n\n<figure class=\"wp-block-embed is-type-video is-provider-youtube wp-block-embed-youtube wp-embed-aspect-16-9 wp-has-aspect-ratio\"><div class=\"wp-block-embed__wrapper\">\n<iframe title=\"Grafiti sve ve\u0107i problem za \u017deljezni\u010dki prevoz: Godi\u0161nje i do 20 prijava vandalizma\" width=\"800\" height=\"450\" src=\"https:\/\/www.youtube.com\/embed\/aVx5ZhJQlIs?feature=oembed\" frameborder=\"0\" allow=\"accelerometer; autoplay; clipboard-write; encrypted-media; gyroscope; picture-in-picture; web-share\" referrerpolicy=\"strict-origin-when-cross-origin\" allowfullscreen><\/iframe>\n<\/div><\/figure>","protected":false},"excerpt":{"rendered":"<p>Putni\u010dki vozovi u Crnoj Gori su \u010desto na meti vandala. I dok je manje slu\u010dajeva kamenovanja, na vozovima se sve \u010de\u0161\u0107e ispisuju grafiti. Iz \u017deljezni\u010dkog prevoza za RTV Podgorica isti\u010du da se vozovi zbog toga \u010desto isklju\u010duju iz saobra\u0107aja, dok se ne o\u010diste.<\/p>","protected":false},"author":1,"featured_media":881595,"comment_status":"open","ping_status":"open","sticky":false,"template":"","format":"standard","meta":{"_acf_changed":false,"footnotes":"","jetpack_publicize_message":"","jetpack_publicize_feature_enabled":true,"jetpack_social_post_already_shared":false,"jetpack_social_options":{"image_generator_settings":{"template":"highway","default_image_id":0,"font":"","enabled":false},"version":2}},"categories":[9],"tags":[8875,3346,3728],"naslovna":[],"class_list":["post-881589","post","type-post","status-publish","format-standard","has-post-thumbnail","hentry","category-drustvo","tag-grafiti","tag-vozovi","tag-zpcg"],"acf":[],"jetpack_publicize_connections":[],"_links":{"self":[{"href":"https:\/\/gradski.me\/en\/wp-json\/wp\/v2\/posts\/881589","targetHints":{"allow":["GET"]}}],"collection":[{"href":"https:\/\/gradski.me\/en\/wp-json\/wp\/v2\/posts"}],"about":[{"href":"https:\/\/gradski.me\/en\/wp-json\/wp\/v2\/types\/post"}],"author":[{"embeddable":true,"href":"https:\/\/gradski.me\/en\/wp-json\/wp\/v2\/users\/1"}],"replies":[{"embeddable":true,"href":"https:\/\/gradski.me\/en\/wp-json\/wp\/v2\/comments?post=881589"}],"version-history":[{"count":0,"href":"https:\/\/gradski.me\/en\/wp-json\/wp\/v2\/posts\/881589\/revisions"}],"wp:featuredmedia":[{"embeddable":true,"href":"https:\/\/gradski.me\/en\/wp-json\/wp\/v2\/media\/881595"}],"wp:attachment":[{"href":"https:\/\/gradski.me\/en\/wp-json\/wp\/v2\/media?parent=881589"}],"wp:term":[{"taxonomy":"category","embeddable":true,"href":"https:\/\/gradski.me\/en\/wp-json\/wp\/v2\/categories?post=881589"},{"taxonomy":"post_tag","embeddable":true,"href":"https:\/\/gradski.me\/en\/wp-json\/wp\/v2\/tags?post=881589"},{"taxonomy":"naslovna","embeddable":true,"href":"https:\/\/gradski.me\/en\/wp-json\/wp\/v2\/naslovna?post=881589"}],"curies":[{"name":"wp","href":"https:\/\/api.w.org\/{rel}","templated":true}]}}