{"id":881468,"date":"2025-11-30T14:05:00","date_gmt":"2025-11-30T13:05:00","guid":{"rendered":"https:\/\/gradski.me\/?p=881468"},"modified":"2025-11-30T14:05:00","modified_gmt":"2025-11-30T13:05:00","slug":"za-titule-u-cetiri-sporta-u-podgorici-i-niksicu","status":"publish","type":"post","link":"https:\/\/gradski.me\/en\/sport\/za-titule-u-cetiri-sporta-u-podgorici-i-niksicu\/","title":{"rendered":"Za titule u \u010detiri sporta u Podgorici i Nik\u0161i\u0107u"},"content":{"rendered":"<p>Nakon uspje\u0161no zavr\u0161enih nadmetanja za mla\u0111e kategorije (V i VI razredi), najbolji predstavnici \u0161kola iz sve \u010detiri regije Crne Gore &#8211; pobjednici \u0161kolskih, op\u0161tinskih i regionalnih takmi\u010denja odmjeri\u0107e snage u borbi za titule dr\u017eavnih prvaka 42. \u0160kolskih sportskih igara.<\/p>\n\n\n\n<p>Takmi\u010denja u ko\u0161arci i basketu 3&#215;3 \u0107e biti organizovana u ponedjeljak u O\u0160 \u201eNovka Ubovi\u0107&#8220; u Podgorici, u odbojci u utorak, tako\u0111e u Podgorici, u O\u0160 \u201eRadojica Perovi\u0107&#8220;, dok \u0107e zavr\u0161nica u rukometu igrati u \u010detvrtak u Sportskoj dvorani u Nik\u0161i\u0107u.<\/p>\n\n\n\n<p>Plasman u zavr\u0161nicu mu\u0161ke ko\u0161arke obezbijedili su: O\u0160 &#8222;Da\u0161o Pavi\u010di\u0107&#8220; (Herceg Novi), &#8222;Ristan Pavlovi\u0107&#8220; (Pljevlja), O\u0160 &#8222;Oktoih&#8220; (Podgorica) i O\u0160 &#8222;Mileva Lalovi\u0107 Lalatovi\u0107&#8220; (Nik\u0161i\u0107), dok \u0107e se u \u017eenskoj konkurenciji nadmetati: O\u0160 &#8222;Da\u0161o Pavi\u010di\u0107&#8220; (Herceg Novi), O\u0160 &#8222;Ristan Pavlovi\u0107&#8220; (Pljevlja), O\u0160 &#8222;Pavle Rovinski&#8220; (Podgorica) i O\u0160 &#8222;Ratko \u017dari\u0107&#8220; (Nik\u0161i\u0107).<\/p>\n\n\n\n<p>Za titulu u mu\u0161kom basketu 3&#215;3 bori\u0107e se: O\u0160 &#8222;Jugoslavija&#8220; (Bar), O\u0160 &#8222;Ristan Pavlovi\u0107&#8220; (Pljevlja), O\u0160 &#8222;Sutjeska&#8220; (Podgorica) i O\u0160 &#8222;Olga Golovi\u0107&#8220; (Nik\u0161i\u010d), a u \u017eenskom basketu: O\u0160 &#8222;Njego\u0161&#8220; (Kotor), O\u0160 &#8222;Ristan Pavlovi\u0107&#8220; (Pljevlja), O\u0160 &#8222;Maksim Gorki&#8220; (Podgorica) i O\u0160 &#8222;Mileva Lalovi\u0107 Lalatovi\u0107&#8220; (Nik\u0161i\u0107).<\/p>\n\n\n\n<p>U konkurenciji odbojka\u0161a za titulu \u0161ampiona \u0107e se nadmetati: O\u0160 &#8222;9. maj&#8220; (Bijelo Polje), O\u0160 &#8222;Jugoslavija&#8220; (Bar), O\u0160 &#8222;Maksim Gorki&#8220; (Podgorica) i O\u0160 &#8222;Ivan Vu\u0161ovi\u0107&#8220; (Nik\u0161i\u0107), a u konkurenciji odbojka\u0161ica: O\u0160 &#8222;Marko Miljanov&#8220; (Bijelo Polje), O\u0160 &#8222;Bla\u017eo Jokov Orlandi\u0107&#8220; (Bar), O\u0160 &#8222;Vlado Mili\u0107&#8220; (Podgorica) i O\u0160 &#8222;Luka Simonovi\u0107&#8220; (Nik\u0161i\u0107). &nbsp;<\/p>\n\n\n\n<p>U mu\u0161kom rukometu plasman u samu zavr\u0161nicu obezbijedili su: O\u0160 &#8222;Drago Milovi\u0107&#8220; (Tivat), O\u0160 &#8222;Salko Aljkovi\u0107&#8220; (Pljevlja), O\u0160 &#8222;Oktoih&#8220; (Podgorica) i O\u0160 &#8222;Ratko \u017dari\u0107&#8220; (Nik\u0161i\u0107), a u \u017eenskoj konkurenciji: O\u0160 &#8222;Lov\u0107enski partizanski odred&#8220; (Cetinje), O\u0160 &#8222;Marko Miljanov&#8220; (Bijelo Polje), O\u0160 &#8222;Milan Vukoti\u0107&#8220; (Herceg Novi) i O\u0160 &#8222;Bra\u0107a Ribar&#8220; (Nik\u0161i\u0107).<\/p>\n\n\n\n<p><strong>-O\u010dekujem uzbudljive sportske duele, fer-plej atmosferu i veliki broj talentovanih mladih sportista koji \u0107e pokazati svoj rad, trud i posve\u0107enost. Pozivamo sve ljubitelje sporta, roditelje i nastavnike da podr\u017ee u\u010desnike i zajedno sa nama promovi\u0161u vrijednosti zdravog \u017eivota, timskog duha i sportskog takmi\u010denja,<\/strong>&nbsp;rekao je profesor Budo Vuki\u0107evi\u0107, predsjednik \u0160kolskog sportskog saveza.<\/p>","protected":false},"excerpt":{"rendered":"<p>U organizaciji Crnogorskog \u0161kolskog sportskog saveza nastavljaju se \u0160kolske sportske igre, najve\u0107e manifestacije \u0161kolskog sporta u zemlji, u okviru koje \u0107e naredne sedmice po\u010deti takmi\u010denja za u\u010denike i u\u010denice VII, VIII i IX razreda.<\/p>","protected":false},"author":1,"featured_media":881469,"comment_status":"open","ping_status":"open","sticky":false,"template":"","format":"standard","meta":{"_acf_changed":false,"footnotes":"","jetpack_publicize_message":"","jetpack_publicize_feature_enabled":true,"jetpack_social_post_already_shared":false,"jetpack_social_options":{"image_generator_settings":{"template":"highway","default_image_id":0,"font":"","enabled":false},"version":2}},"categories":[15],"tags":[13996,11830,258,28],"naslovna":[],"class_list":["post-881468","post","type-post","status-publish","format-standard","has-post-thumbnail","hentry","category-sport","tag-budo-vukicevic-2","tag-crnogorski-skolski-sportski-savez","tag-niksic","tag-podgorica"],"acf":[],"jetpack_publicize_connections":[],"_links":{"self":[{"href":"https:\/\/gradski.me\/en\/wp-json\/wp\/v2\/posts\/881468","targetHints":{"allow":["GET"]}}],"collection":[{"href":"https:\/\/gradski.me\/en\/wp-json\/wp\/v2\/posts"}],"about":[{"href":"https:\/\/gradski.me\/en\/wp-json\/wp\/v2\/types\/post"}],"author":[{"embeddable":true,"href":"https:\/\/gradski.me\/en\/wp-json\/wp\/v2\/users\/1"}],"replies":[{"embeddable":true,"href":"https:\/\/gradski.me\/en\/wp-json\/wp\/v2\/comments?post=881468"}],"version-history":[{"count":0,"href":"https:\/\/gradski.me\/en\/wp-json\/wp\/v2\/posts\/881468\/revisions"}],"wp:featuredmedia":[{"embeddable":true,"href":"https:\/\/gradski.me\/en\/wp-json\/wp\/v2\/media\/881469"}],"wp:attachment":[{"href":"https:\/\/gradski.me\/en\/wp-json\/wp\/v2\/media?parent=881468"}],"wp:term":[{"taxonomy":"category","embeddable":true,"href":"https:\/\/gradski.me\/en\/wp-json\/wp\/v2\/categories?post=881468"},{"taxonomy":"post_tag","embeddable":true,"href":"https:\/\/gradski.me\/en\/wp-json\/wp\/v2\/tags?post=881468"},{"taxonomy":"naslovna","embeddable":true,"href":"https:\/\/gradski.me\/en\/wp-json\/wp\/v2\/naslovna?post=881468"}],"curies":[{"name":"wp","href":"https:\/\/api.w.org\/{rel}","templated":true}]}}