{"id":881181,"date":"2025-11-29T21:29:00","date_gmt":"2025-11-29T20:29:00","guid":{"rendered":"https:\/\/gradski.me\/?p=881181"},"modified":"2025-11-29T21:29:00","modified_gmt":"2025-11-29T20:29:00","slug":"pehar-se-vratio-na-skver-jadran-bolji-od-primorca-u-finalu-kupa","status":"publish","type":"post","link":"https:\/\/gradski.me\/en\/sport\/pehar-se-vratio-na-skver-jadran-bolji-od-primorca-u-finalu-kupa\/","title":{"rendered":"Pehar se vratio na &#8222;\u0160kver&#8220;: Jadran bolji od Primorca u finalu Kupa"},"content":{"rendered":"<p>Prva dionica bila je potpuno ujedna\u010dena. \u010cekalo se na gol do prakti\u010dno polovine prve dionice kada je put do mre\u017ee prona\u0161ao&nbsp;<strong>Vasilije Radovic<\/strong>&nbsp;(0:1). Kotorani su zatim pogocima&nbsp;<strong>Marko Mrsic&nbsp;<\/strong>i&nbsp;<strong>Nikole Brkovi\u0107a&nbsp;<\/strong>do\u0161li do prednosti (2:1). Onda su na drugoj strani dva brza gola postigli&nbsp;<strong>Danil Merkulov&nbsp;<\/strong>i&nbsp;<strong>Fran Valera<\/strong>&nbsp;da bi u posljednjoj sekundi prve \u0107etvrtine&nbsp;<strong>Djordjije Stanojevic&nbsp;<\/strong>vratio utakmicu u egal (3:3).<\/p>\n\n\n\n<p>Drugi kvartal ispostavio se na kraju kao presudan. Svaku situaciju sa igra\u010dem vi\u0161e Novljani su iskoristili i serijom 5:0 ostvarili veliku prednost. Uspio je&nbsp;<strong>Jusuke Inaba&nbsp;<\/strong>da prekine seriju \u010dete&nbsp;<strong>Vladimir Gojkovi\u0107&nbsp;<\/strong>u posljednjem napadu prvog poluvremena i probudi svoj tim pred drugi dio igre.<\/p>\n\n\n\n<p>Kotorani su pri\u0161li na dva gola zaostatka polovinom tre\u0107e dionice golovima&nbsp;<strong>Petra \u0106etkovi\u0107a&nbsp;<\/strong>i&nbsp;<strong>Dra\u0161ka Brguljana<\/strong>&nbsp;ali to je bilo sve \u0161to su imali da ponude. Precizan je na drugoj strani bio&nbsp;<strong>Strahinja Gojkovic<\/strong>, a nakon toga njegov tim nije dozvoljavao suparniku da spusti zaostatak na manje od dva gola (do posljednjih pola minuta igre).<\/p>\n\n\n\n<figure class=\"wp-block-image size-large\"><img fetchpriority=\"high\" decoding=\"async\" width=\"1024\" height=\"683\" src=\"https:\/\/new.gradski.me\/wp-content\/uploads\/2025\/11\/Jadran-Primorac-VPSCG-Vuk-Ilic-1024x683.webp\" alt=\"\" class=\"wp-image-881222\" title=\"\" srcset=\"https:\/\/gradski.me\/wp-content\/uploads\/2025\/11\/Jadran-Primorac-VPSCG-Vuk-Ilic-1024x683.webp 1024w, https:\/\/gradski.me\/wp-content\/uploads\/2025\/11\/Jadran-Primorac-VPSCG-Vuk-Ilic-300x200.webp 300w, https:\/\/gradski.me\/wp-content\/uploads\/2025\/11\/Jadran-Primorac-VPSCG-Vuk-Ilic-768x512.webp 768w, https:\/\/gradski.me\/wp-content\/uploads\/2025\/11\/Jadran-Primorac-VPSCG-Vuk-Ilic-18x12.webp 18w, https:\/\/gradski.me\/wp-content\/uploads\/2025\/11\/Jadran-Primorac-VPSCG-Vuk-Ilic.webp 1280w\" sizes=\"(max-width: 1024px) 100vw, 1024px\" \/><figcaption class=\"wp-element-caption\">Photo: VPSCG\/Vuk Ili\u0107<\/figcaption><\/figure>\n\n\n\n<p>U posljednjoj \u010detvrtini izabranici&nbsp;<strong>Sakisa Kehagiasa<\/strong>&nbsp;nijesu iskoristili nijedan od brojnih napada sa igra\u010dem vi\u0161e i to su skupo platili. Vratio se tra\u010dak nade Jadranu golovima Mr\u0161i\u0107a i Stanojevi\u0107a ali je zatim na drugoj strani odli\u010dnim pogotkom Gojkovi\u0107 vratio prednost svog tima na tri gola vi\u0161ka na manje od dva minuta do kraja. Nije to bilo dovoljno timu iz Kotora da izbori barem peterce pa je nakon novog gola&nbsp;<strong>Jovana Vujovi\u0107a&nbsp;<\/strong>sve bilo jasno.<\/p>\n\n\n\n<figure class=\"wp-block-image size-large\"><img decoding=\"async\" width=\"1024\" height=\"683\" src=\"https:\/\/new.gradski.me\/wp-content\/uploads\/2025\/11\/Jadran-slavlje-Vuk-Ilic-1024x683.webp\" alt=\"\" class=\"wp-image-881186\" title=\"\" srcset=\"https:\/\/gradski.me\/wp-content\/uploads\/2025\/11\/Jadran-slavlje-Vuk-Ilic-1024x683.webp 1024w, https:\/\/gradski.me\/wp-content\/uploads\/2025\/11\/Jadran-slavlje-Vuk-Ilic-300x200.webp 300w, https:\/\/gradski.me\/wp-content\/uploads\/2025\/11\/Jadran-slavlje-Vuk-Ilic-768x512.webp 768w, https:\/\/gradski.me\/wp-content\/uploads\/2025\/11\/Jadran-slavlje-Vuk-Ilic-18x12.webp 18w, https:\/\/gradski.me\/wp-content\/uploads\/2025\/11\/Jadran-slavlje-Vuk-Ilic.webp 1280w\" sizes=\"(max-width: 1024px) 100vw, 1024px\" \/><figcaption class=\"wp-element-caption\">Photo: Vuk Ilic<\/figcaption><\/figure>\n\n\n\n<p>Najefikasniji akter me\u010da bio je Gojkovi\u0107 sa tri pogotka dok su za Jadran po dva puta precizni bili i Valera, Vujovi\u0107,&nbsp;<strong>Dmitri Holod&nbsp;<\/strong>i&nbsp;<strong>Srdjan Janovic<\/strong>. Po jednom su mre\u017eu tresli Merkulov i Radovi\u0107.<\/p>\n\n\n\n<p>Kod Primorca istakli su se Mr\u0161i\u0107 i Stanojevi\u0107 sa po tri gola, Brguljan je upisao dva, a po jedan pogodak re\u017eirali su&nbsp;<strong>Savo Cetkovic<\/strong>, Petar \u0106etkovi\u0107, Inaba i Brki\u0107.<\/p>\n\n\n\n<p><\/p>","protected":false},"excerpt":{"rendered":"<p>Vaterpolisti Jadrana savladali su Primorac 13:12 u finalu Kupa Crne Gore i tako se \u010detvrti put u svojoj istoriji okitili presti\u017enim trofejom.<\/p>","protected":false},"author":1,"featured_media":881218,"comment_status":"open","ping_status":"open","sticky":false,"template":"","format":"standard","meta":{"_acf_changed":false,"footnotes":"","jetpack_publicize_message":"","jetpack_publicize_feature_enabled":true,"jetpack_social_post_already_shared":false,"jetpack_social_options":{"image_generator_settings":{"template":"highway","default_image_id":0,"font":"","enabled":false},"version":2}},"categories":[15],"tags":[3784,13955,1902,508],"naslovna":[],"class_list":["post-881181","post","type-post","status-publish","format-standard","has-post-thumbnail","hentry","category-sport","tag-finale","tag-kup-crne-gore-u-vatepolu","tag-pvk-jadran-mtel","tag-vpk-primorac"],"acf":[],"jetpack_publicize_connections":[],"_links":{"self":[{"href":"https:\/\/gradski.me\/en\/wp-json\/wp\/v2\/posts\/881181","targetHints":{"allow":["GET"]}}],"collection":[{"href":"https:\/\/gradski.me\/en\/wp-json\/wp\/v2\/posts"}],"about":[{"href":"https:\/\/gradski.me\/en\/wp-json\/wp\/v2\/types\/post"}],"author":[{"embeddable":true,"href":"https:\/\/gradski.me\/en\/wp-json\/wp\/v2\/users\/1"}],"replies":[{"embeddable":true,"href":"https:\/\/gradski.me\/en\/wp-json\/wp\/v2\/comments?post=881181"}],"version-history":[{"count":0,"href":"https:\/\/gradski.me\/en\/wp-json\/wp\/v2\/posts\/881181\/revisions"}],"wp:featuredmedia":[{"embeddable":true,"href":"https:\/\/gradski.me\/en\/wp-json\/wp\/v2\/media\/881218"}],"wp:attachment":[{"href":"https:\/\/gradski.me\/en\/wp-json\/wp\/v2\/media?parent=881181"}],"wp:term":[{"taxonomy":"category","embeddable":true,"href":"https:\/\/gradski.me\/en\/wp-json\/wp\/v2\/categories?post=881181"},{"taxonomy":"post_tag","embeddable":true,"href":"https:\/\/gradski.me\/en\/wp-json\/wp\/v2\/tags?post=881181"},{"taxonomy":"naslovna","embeddable":true,"href":"https:\/\/gradski.me\/en\/wp-json\/wp\/v2\/naslovna?post=881181"}],"curies":[{"name":"wp","href":"https:\/\/api.w.org\/{rel}","templated":true}]}}