{"id":880975,"date":"2025-11-29T15:45:45","date_gmt":"2025-11-29T14:45:45","guid":{"rendered":"https:\/\/gradski.me\/?p=880975"},"modified":"2025-11-29T15:45:45","modified_gmt":"2025-11-29T14:45:45","slug":"up-identifikovan-maloljetnik-koji-je-ubacio-petardu-u-ucionicu-skole-radimo-na-lociranju-osoba-koje-salju-lazne-dojave","status":"publish","type":"post","link":"https:\/\/gradski.me\/en\/hronika\/up-identifikovan-maloljetnik-koji-je-ubacio-petardu-u-ucionicu-skole-radimo-na-lociranju-osoba-koje-salju-lazne-dojave\/","title":{"rendered":"UP: Identifikovan maloljetnik koji je ubacio petardu u u\u010dionicu \u0161kole, radimo na lociranju osoba koje \u0161alju la\u017ene dojave"},"content":{"rendered":"<p><\/p>\n\n\n\n<p>Naime, ju\u010de je jedan maloljetnik, a koji nije u\u010denik Osnovne \u0161kole \u201eOktoih\u201c u Podgorici, zapalio petardu i ubacio je u u\u010dionicu ove \u0161kole.<\/p>\n\n\n\n<p>&#8222;Od dejstva petarde, koja je mogla da povrijedi druge u\u010denike, o\u0161te\u0107ena je torba jedne u\u010denice. Upotreba petardi je zakonom zabranjena&#8220;, navode iz policije.<\/p>\n\n\n\n<p>Policijski slu\u017ebenici Odjeljenja bezbjednosti Podgorica su, kako je saop\u0161teno, postupili po prijavi doga\u0111aja, o kojem je Policiju obavijestila uprava ove \u0161kole, i u kratkom roku identifikovali maloljetnika.<\/p>\n\n\n\n<p>&#8222;O doga\u0111aju je obavije\u0161ten dr\u017eavni tu\u017eilac u Osnovnom dr\u017eavnom tu\u017eila\u0161tvu u Podgorici. Maloljetnik je krivi\u010dno neodgovoran jer je starosti ispod 14 godina, te je izjava u policijskim prostorijama na navedene okolnosti uzeta od njegovog roditelja&#8220;, kazali su iz policije.<\/p>\n\n\n\n<p>Tako\u0111e, u\u010destale su tzv. dojave, sa prijete\u0107om sadr\u017einom, da su postavljene bombe odnosno eksplozivne naprave u vaspitno \u2013 obraznovnim ustanovama \u2013 osnovnim i srednjim \u0161kolama, mahom u Podgorici a i u drugim gradovima.<\/p>\n\n\n\n<p>&#8222;Policijski slu\u017ebenici postupaju po svakoj takvoj dojavi i vr\u0161e preventvni protivdiverzioni pregled objekata \u0161kola, kao i okoline, a za sve dojave do sada je utvr\u0111eno da su la\u017ene. Policija preduzima potrebne mjere i radnje na identifikovanju lica koja kreiraju platforme za anonimizaciju odnosno skrivanje identiteta i upu\u0107uju mejlove sa prijete\u0107em sadr\u017einom, a postoje pouzdane indicije da se motiv ovakvog nezakonitog pona\u0161anja nalazi u ometanju nastave i odlaganju ispitivanja odnosno testova znanja u \u0161kolama. Upoznajemo javnost da \u0107emo sva odgovorna lica za ove doga\u0111aje, koji uznemiravaju javnost i ometaju obrazovni proces, identifikovati i krivi\u010dno procesuirati ukoliko se utvrdi da su ta lica krivi\u010dno odgovorna, a cijeni\u0107e se krivi\u010dna i prekr\u0161ajna odgovornost roditelja u svakom pojedina\u010dnom slu\u010daju u odnosu na zanemarivanje djeteta, vaspitno zapu\u0161tanje i nevr\u0161enje roditeljskih du\u017enosti&#8220;, saop\u0161tili su iz policije.<\/p>\n\n\n\n<p>Apeluju na roditelje i pozivaju ih da uspostave kontrolu u sajber prostoru svoje djece prilikom kori\u0161\u0107enja telefonskih ure\u0111aja i druge elektronske opreme koju su im omogu\u0107ili da koriste, te da uka\u017eu djeci na devijantno i asocijalno pona\u0161anja i nezakonitosti ovakvih radnji koje mogu da prouzrokuju posljedice.<\/p>\n\n\n\n<p>&#8222;Na roditelje tako\u0111e apelujemo da u aktuelnim mjesecima decembar i januar vr\u0161e kontrolu svoje djece koja se odnosi na posjedovanje pirotehni\u010dkih sredstava koja djeca ne smiju da upotrebljavaju i nose sa sobom, dok ih ujedno upoznajemo sa \u010dinjenicom da \u0107e Uprava policije i nadle\u017ene slu\u017ebe poja\u010dati kontrolu prije, za vrijeme i nakon predstoje\u010dih praznika, u cilju pronalaska i suzbijanja posjedovanja i zloupotrebe nedozvoljenih supstanci i priotehni\u010dkih sredstava u okviru akcije \u201ePetarda\u201c. Savjetujemo roditeljima da razgovaraju sa djecom i prepoznaju obrasce ovakvog njihovog pona\u0161anja, kako bi na vrijeme preduprijedili zakonske posljedice koje mogu da nastupe kako po djecu tako i po roditelje&#8220;, navode iz Uprave policije.<\/p>","protected":false},"excerpt":{"rendered":"<p>Podgori\u010dka policija identifikovala je maloljetnika koji je ubacio petardu u u\u010dionicu Osnovne \u0161kole &#8222;Oktoih&#8220; u Podgorici, a koji ujedno i nije u\u010denik te \u0161kole. Iz Uprave policije su saop\u0161tili da rade na identifikovanju osoba koje \u0161alju la\u017ene dojave, te apelovali na roditelje da povedu ra\u010duna o pona\u0161anju svoje djece.<\/p>","protected":false},"author":1,"featured_media":575032,"comment_status":"open","ping_status":"open","sticky":false,"template":"","format":"standard","meta":{"_acf_changed":false,"footnotes":"","jetpack_publicize_message":"","jetpack_publicize_feature_enabled":true,"jetpack_social_post_already_shared":false,"jetpack_social_options":{"image_generator_settings":{"template":"highway","default_image_id":0,"font":"","enabled":false},"version":2}},"categories":[10],"tags":[13931,2373,13932,2921,109],"naslovna":[],"class_list":["post-880975","post","type-post","status-publish","format-standard","has-post-thumbnail","hentry","category-hronika","tag-lazne-dojave-o-bombama","tag-maloljetnik","tag-petarda","tag-skola-3","tag-uprava-policije"],"acf":[],"jetpack_publicize_connections":[],"_links":{"self":[{"href":"https:\/\/gradski.me\/en\/wp-json\/wp\/v2\/posts\/880975","targetHints":{"allow":["GET"]}}],"collection":[{"href":"https:\/\/gradski.me\/en\/wp-json\/wp\/v2\/posts"}],"about":[{"href":"https:\/\/gradski.me\/en\/wp-json\/wp\/v2\/types\/post"}],"author":[{"embeddable":true,"href":"https:\/\/gradski.me\/en\/wp-json\/wp\/v2\/users\/1"}],"replies":[{"embeddable":true,"href":"https:\/\/gradski.me\/en\/wp-json\/wp\/v2\/comments?post=880975"}],"version-history":[{"count":0,"href":"https:\/\/gradski.me\/en\/wp-json\/wp\/v2\/posts\/880975\/revisions"}],"wp:featuredmedia":[{"embeddable":true,"href":"https:\/\/gradski.me\/en\/wp-json\/wp\/v2\/media\/575032"}],"wp:attachment":[{"href":"https:\/\/gradski.me\/en\/wp-json\/wp\/v2\/media?parent=880975"}],"wp:term":[{"taxonomy":"category","embeddable":true,"href":"https:\/\/gradski.me\/en\/wp-json\/wp\/v2\/categories?post=880975"},{"taxonomy":"post_tag","embeddable":true,"href":"https:\/\/gradski.me\/en\/wp-json\/wp\/v2\/tags?post=880975"},{"taxonomy":"naslovna","embeddable":true,"href":"https:\/\/gradski.me\/en\/wp-json\/wp\/v2\/naslovna?post=880975"}],"curies":[{"name":"wp","href":"https:\/\/api.w.org\/{rel}","templated":true}]}}