{"id":880957,"date":"2025-11-29T16:55:00","date_gmt":"2025-11-29T15:55:00","guid":{"rendered":"https:\/\/gradski.me\/?p=880957"},"modified":"2025-11-29T16:55:00","modified_gmt":"2025-11-29T15:55:00","slug":"jelenic-pred-mladost-moramo-da-pokazemo-reakciju-i-svedemo-greske-na-minimum","status":"publish","type":"post","link":"https:\/\/gradski.me\/en\/sport\/jelenic-pred-mladost-moramo-da-pokazemo-reakciju-i-svedemo-greske-na-minimum\/","title":{"rendered":"Jeleni\u0107 pred Mladost: Moramo da poka\u017eemo reakciju i svedemo gre\u0161ke na minimum"},"content":{"rendered":"<p>Nik\u0161i\u0107an su dobili prvi ovosezonski duel na svom terenu protiv Donjogori\u010dana &#8211; 3:1.<\/p>\n\n\n\n<p>&#8222;\u010ceka nas te\u0161ka utakmica. Giljen je u tom prvom me\u010du odbranio penal i prelomio utakmicu u na\u0161u korist, posebno u tom psiholo\u0161kom dijelu koji je bio vrlo va\u017ean u smislu svega onoga \u0161to je kasnije uslijedilo&#8220;, kazao je trener Sutjeske, Dejan Jeleni\u0107 u najavi utakmice. <\/p>\n\n\n\n<p>Sutjeska je lider, ali u me\u010d ulazi nakon poraza od De\u010di\u0107a u \u010detvrtfinalu Kupa, prvog za Jeleni\u0107a kao glavnog trenera.<\/p>\n\n\n\n<p>&#8222;Potpuno druga utakmica, potpuno drugi uslovi, utakmica poslije jednog na\u0161eg izdanja u Kupu iz kog mora mnogo da se izvu\u010de i zaklju\u010daka i lekcija. O\u010dekujemo utakmicu koja \u0107e biti na nivou svih prethodnih koje smo igrali, utakmicu gdje \u0107e svakako morati da se svedu gre\u0161ke na najmanju mogu\u0107u mjeru, utakmicu u kojoj ne smije da nas iznena\u0111uje neki lo\u0161 pas ili neka tehni\u010dka gre\u0161ka, svemu tome moramo da se prilagodimo. Jedna utakmica koju \u0107e vjerovatno odlu\u010diti manji broj gre\u0161aka koje \u0107e napraviti ekipa ili pojedinac&#8220;, istakao je Jeleni\u0107 koji je jo\u0161 jednom vratio film na &#8222;dvome\u010d&#8220; sa Tuzanima.<\/p>\n\n\n\n<p>&#8222;Dvije utakmice u tri dana, dvije utakmice u vrlo te\u0161kim vremenskim uslovima, dvije utakmice koje smo odigrali u ofanzivnoj tranziciji kao momentu igre koji je bio dominantan, s tim \u0161to smo u prvoj utakmici ovdje iz ofanzivnih tranzicija u zavr\u0161noj tre\u0107ini bili mnogo opasniji nego u utakmici u Tuzima. Ono \u0161to je va\u017eno da ka\u017eem kada imate mikro ciklus od tri utakmice, tu nema prostora ni za vje\u017ebanje, sve se svodi na oporavak, na kompenzaciju i na aktivaciju, ne mo\u017eemo da se bavimo takti\u010dkim treninzima, ono \u0161to mi mo\u017eemo da uradimo vezano je za psiholo\u0161ku pripremu igra\u010da, za motivaciju, da igra\u010di shvate i da mnogo u\u010de iz poraza, na\u010din na koji smo izgubili, razloge zbog kojih smo izgubili i ono \u0161to stalno pri\u010dam da bi u kontinuitetu pobije\u0111ivali moramo da budemo svi na potrebnom nivou&#8220;, naglasio je trener Sutjeske i dodao:<\/p>\n\n\n\n<p>&#8222;Prvo ja kao trener uvijek da dajem 100 posto od sebe, a tako i igra\u010di jer u fudbalu ne postoji minuli rad, stalno moramo i trebamo da idemo ka pobjedama, posebno jedan veliki klub kao \u0161to je Sutjeska, koji tra\u017ei trofeje, tra\u017ei rezultate i nadam se da \u0107emo sjutra u tom pravcu pripremiti ekipu i da \u0107e to izgledati mnogo bolje nego \u0161to je izgledalo u pro\u0161loj utakmici protiv De\u010di\u0107a u Tuzima&#8220;, zaklju\u010dio je Jeleni\u0107. <\/p>\n\n\n\n<p>Vezista Sutjeske, Medo Jukovi\u0107 o\u010dekuje te\u017eak me\u010d.<\/p>\n\n\n\n<p>&#8222;Sjutra nas o\u010dekuje te\u017eak me\u010d protiv ekipe Mladosti, neugodno gostovanje. Kod ku\u0107e su jako te\u017eak protivnik, dokazali su to u prethodnim utakmicama, na njhovim terenu su dobili Budu\u0107nost ako se ne varam. Mo\u017ee se re\u0107i da imaju pozitivnu nulu \u0161to se ti\u010de gol-razlike, naravno kao i svaka ekipa imaju problem u odbrani, mi smo to skautirali i nadam se da \u0107emo to da iskoristimo. Odradili smo dvije vrlo te\u0161ke utakmice za nas u vremenskim uslovima koji ne prili\u010de ovom nivou fudbala, ali mi kao ekipa, kao Sutjeska, ne smijemo sebi da dajemo pravo i da tra\u017eimo alibi, sjutra treba da iza\u0111emo sa stavom i karakterom, da damo 100 odsto i ambicije su na najve\u0107em mogu\u0107em nivou&#8220;, poru\u010dio je Jukovi\u0107. <\/p>","protected":false},"excerpt":{"rendered":"<p>Fudbaleri Sutjeske gostuju sjutra (15.00h) ekipi Mladosti Lob.bet u utakmici 17. kola Meridianbet Prve crnogorske lige. <\/p>","protected":false},"author":1,"featured_media":879198,"comment_status":"open","ping_status":"open","sticky":false,"template":"","format":"standard","meta":{"_acf_changed":false,"footnotes":"","jetpack_publicize_message":"","jetpack_publicize_feature_enabled":true,"jetpack_social_post_already_shared":false,"jetpack_social_options":{"image_generator_settings":{"template":"highway","default_image_id":0,"font":"","enabled":false},"version":2}},"categories":[15],"tags":[10819,624,719,625,4424],"naslovna":[],"class_list":["post-880957","post","type-post","status-publish","format-standard","has-post-thumbnail","hentry","category-sport","tag-dejan-jelenic","tag-fk-sutjeska","tag-medo-jukovic","tag-meridianbet-1-cfl","tag-ofk-mladost-lob-bet"],"acf":[],"jetpack_publicize_connections":[],"_links":{"self":[{"href":"https:\/\/gradski.me\/en\/wp-json\/wp\/v2\/posts\/880957","targetHints":{"allow":["GET"]}}],"collection":[{"href":"https:\/\/gradski.me\/en\/wp-json\/wp\/v2\/posts"}],"about":[{"href":"https:\/\/gradski.me\/en\/wp-json\/wp\/v2\/types\/post"}],"author":[{"embeddable":true,"href":"https:\/\/gradski.me\/en\/wp-json\/wp\/v2\/users\/1"}],"replies":[{"embeddable":true,"href":"https:\/\/gradski.me\/en\/wp-json\/wp\/v2\/comments?post=880957"}],"version-history":[{"count":0,"href":"https:\/\/gradski.me\/en\/wp-json\/wp\/v2\/posts\/880957\/revisions"}],"wp:featuredmedia":[{"embeddable":true,"href":"https:\/\/gradski.me\/en\/wp-json\/wp\/v2\/media\/879198"}],"wp:attachment":[{"href":"https:\/\/gradski.me\/en\/wp-json\/wp\/v2\/media?parent=880957"}],"wp:term":[{"taxonomy":"category","embeddable":true,"href":"https:\/\/gradski.me\/en\/wp-json\/wp\/v2\/categories?post=880957"},{"taxonomy":"post_tag","embeddable":true,"href":"https:\/\/gradski.me\/en\/wp-json\/wp\/v2\/tags?post=880957"},{"taxonomy":"naslovna","embeddable":true,"href":"https:\/\/gradski.me\/en\/wp-json\/wp\/v2\/naslovna?post=880957"}],"curies":[{"name":"wp","href":"https:\/\/api.w.org\/{rel}","templated":true}]}}