{"id":880781,"date":"2025-11-29T10:27:00","date_gmt":"2025-11-29T09:27:00","guid":{"rendered":"https:\/\/gradski.me\/?p=880781"},"modified":"2025-11-29T10:27:00","modified_gmt":"2025-11-29T09:27:00","slug":"vikend-sa-marijom-razic-podgorica-evropska-prijestonica-mladih-2028-gosca-jelena-borovinic-bojovic","status":"publish","type":"post","link":"https:\/\/gradski.me\/en\/podgorica\/vikend-sa-marijom-razic-podgorica-evropska-prijestonica-mladih-2028-gosca-jelena-borovinic-bojovic\/","title":{"rendered":"\"Weekend with Marija Razi\u0107\": Podgorica European Youth Capital 2028, guest Jelena Borovini\u0107 Bojovi\u0107"},"content":{"rendered":"<p><\/p>\n\n\n\n<p><\/p>\n\n\n\n<p>Dokumentarni film Senada \u0160ahmanovi\u0107a \u201eVude, ti si pobijedio\u201c sti\u017ee pred crnogorsku publiku u okviru programa Mre\u017ee kinoprikaziva\u010da Crne Gore (od 3. do 28. decembra). O ostvarenju posve\u0107enom jedinom, crnogorskom dobitniku Oskara, Podgori\u010danu Du\u0161anu Vukoti\u0107u, razgovaramo sa autorom.<\/p>\n\n\n\n<p>\u201eKo se voli taj se \u010duva\u201c je autorska pjesma kantautorke, na\u0161e go\u0161\u0107e Marije Todorovi\u0107 Tatar, koju je posvetila borbi protiv nasilja nad \u017eenama<\/p>\n\n\n\n<p>O novim uspjesima crnogorskih plesa\u010da na Svjetskom prvenstvu u Italiji razgovaramo sa predstavnicima Plesnog kluba ,,Dream\u201d. U goste nam sti\u017eu koreografkinja Sanja Golovi\u0107 i takmi\u010darke Darija Samard\u017ei\u0107, Nevena Jovanovi\u0107, Irina Bubanja, Kristina Danilovi\u0107.<\/p>\n\n\n\n<p>U aktuelnostima i zanimljivostima iz svijeta govorimo o:<\/p>\n\n\n\n<p>-\u017eivotu Viole Fle\u010der, posljednje \u017ertve masakra u Tulsi iz 1921. koja je nedavno preminula u 111. godini;<\/p>\n\n\n\n<p>-najskupljem stripu na svijetu, originalnom primjerku prvog izdanja Supermena iz juna 1939;<\/p>\n\n\n\n<p>-olimpijskom plamenu koji je iz Gr\u010dke krenuo ka Milanu, doma\u0107inu Zimskih olimpijskih igara koje po\u010dinju 6. februara 2026;<\/p>\n\n\n\n<p>&#8211; o tehnolo\u0161kom napretku i razvoju humanoidnih robota.<\/p>\n\n\n\n<p>In the Reading section, we solve linguistic dilemmas.<\/p>\n\n\n\n<p>In collaboration with friends of our show, we are preparing numerous gifts for our viewers, including tickets to the Cineplexx cinema.<\/p>\n\n\n\n<p>Show editor: Marija Razi\u0107<\/p>\n\n\n\n<p>email: vikend.rtvpodgorica@gmail.com instagram pages: vikend.rtvpodgorica, rtv_pg<\/p>","protected":false},"excerpt":{"rendered":"<p>Podgorica je dobila titulu Evropske prijestonice mladih za 2028. godinu. Odluka je done\u0161ena na ceremoniji odr\u017eanoj u ukrajinskom gradu Lavovu. Inicijativu za kandidaturu pokrenula je predsjednica Skup\u0161tine Glavnog grada Jelena Borovini\u0107 Bojovi\u0107, koja \u0107e tim povodom biti na\u0161a go\u0161\u0107a.<\/p>","protected":false},"author":1,"featured_media":867479,"comment_status":"open","ping_status":"open","sticky":false,"template":"","format":"standard","meta":{"_acf_changed":false,"footnotes":"","jetpack_publicize_message":"","jetpack_publicize_feature_enabled":true,"jetpack_social_post_already_shared":false,"jetpack_social_options":{"image_generator_settings":{"template":"highway","default_image_id":0,"font":"","enabled":false},"version":2}},"categories":[6],"tags":[9655,279,13900],"naslovna":[],"class_list":["post-880781","post","type-post","status-publish","format-standard","has-post-thumbnail","hentry","category-podgorica","tag-jelena-borovinc-bojovic","tag-rtv-podgorica","tag-vikend-sa-marijom"],"acf":[],"jetpack_publicize_connections":[],"_links":{"self":[{"href":"https:\/\/gradski.me\/en\/wp-json\/wp\/v2\/posts\/880781","targetHints":{"allow":["GET"]}}],"collection":[{"href":"https:\/\/gradski.me\/en\/wp-json\/wp\/v2\/posts"}],"about":[{"href":"https:\/\/gradski.me\/en\/wp-json\/wp\/v2\/types\/post"}],"author":[{"embeddable":true,"href":"https:\/\/gradski.me\/en\/wp-json\/wp\/v2\/users\/1"}],"replies":[{"embeddable":true,"href":"https:\/\/gradski.me\/en\/wp-json\/wp\/v2\/comments?post=880781"}],"version-history":[{"count":0,"href":"https:\/\/gradski.me\/en\/wp-json\/wp\/v2\/posts\/880781\/revisions"}],"wp:featuredmedia":[{"embeddable":true,"href":"https:\/\/gradski.me\/en\/wp-json\/wp\/v2\/media\/867479"}],"wp:attachment":[{"href":"https:\/\/gradski.me\/en\/wp-json\/wp\/v2\/media?parent=880781"}],"wp:term":[{"taxonomy":"category","embeddable":true,"href":"https:\/\/gradski.me\/en\/wp-json\/wp\/v2\/categories?post=880781"},{"taxonomy":"post_tag","embeddable":true,"href":"https:\/\/gradski.me\/en\/wp-json\/wp\/v2\/tags?post=880781"},{"taxonomy":"naslovna","embeddable":true,"href":"https:\/\/gradski.me\/en\/wp-json\/wp\/v2\/naslovna?post=880781"}],"curies":[{"name":"wp","href":"https:\/\/api.w.org\/{rel}","templated":true}]}}