{"id":880636,"date":"2025-11-28T21:06:00","date_gmt":"2025-11-28T20:06:00","guid":{"rendered":"https:\/\/gradski.me\/?p=880636"},"modified":"2025-11-28T21:06:00","modified_gmt":"2025-11-28T20:06:00","slug":"ministarstvo-sporta-i-mladih-ovo-je-ogroman-uspjeh-za-podgoricu-i-snazan-podsticaj-mladima-sirom-crne-gore","status":"publish","type":"post","link":"https:\/\/gradski.me\/en\/podgorica\/ministarstvo-sporta-i-mladih-ovo-je-ogroman-uspjeh-za-podgoricu-i-snazan-podsticaj-mladima-sirom-crne-gore\/","title":{"rendered":"Ministry of Sports and Youth: This is a huge success for Podgorica and a strong incentive for young people throughout Montenegro"},"content":{"rendered":"<p><\/p>\n\n\n\n<p>Posebno isti\u010demo da je upravo inicijativa ministra \u0160\u0107eki\u0107a bila pokreta\u010d ovog procesa \u2014 inicijativa koja je danas, na najljep\u0161i na\u010din, do\u017eivjela svoj puni trijumf i pokazala koliko je va\u017eno pravovremeno prepoznati potencijal mladih i dati im prostor za razvoj.<\/p>\n\n\n\n<p>Ponosni smo \u0161to je Ministarstvo sporta i mladih dio ove pri\u010de i \u0161to zajedno sa Glavnim gradom gradimo Crnu Goru u kojoj mladi imaju \u0161ansu da stvaraju, napreduju i budu nosioci pozitivnih promjena.<\/p>\n\n\n\n<p>Ministarstvo sporta i mladih \u0107e, kao i do sada, biti sna\u017ean partner i oslonac svim aktivnostima koje slijede, kako bismo zajedno sa Glavnim gradom pokazali zbog \u010dega smo zaslu\u017eili ovu najpresti\u017eniju titulu namijenjenu gradovima mladih.<\/p>\n\n\n\n<p>Jo\u0161 jednom, upu\u0107ujemo \u010destitke i radujemo se godinama koje dolaze \u2015 godinama koje \u0107e obilje\u017eiti energija, ideje i snaga mladih.<\/p>","protected":false},"excerpt":{"rendered":"<p>Ministarstvo sporta i mladih upu\u0107uje \u010destitke Glavnom gradu Podgorici i timu koji je svojim predanim radom, vjerom i vizijom doveo na\u0161 grad do jedne od najzna\u010dajnijih evropskih titula \u2014 Evropske prestonice mladih 2028. godine. Ovo je ogroman uspjeh za Podgoricu i sna\u017ean podsticaj mladima \u0161irom Crne Gore, saop\u0161teno je iz tog Vladinog resora.<\/p>","protected":false},"author":1,"featured_media":838826,"comment_status":"open","ping_status":"open","sticky":false,"template":"","format":"standard","meta":{"_acf_changed":false,"footnotes":"","jetpack_publicize_message":"","jetpack_publicize_feature_enabled":true,"jetpack_social_post_already_shared":false,"jetpack_social_options":{"image_generator_settings":{"template":"highway","default_image_id":0,"font":"","enabled":false},"version":2}},"categories":[6],"tags":[3905,28],"naslovna":[],"class_list":["post-880636","post","type-post","status-publish","format-standard","has-post-thumbnail","hentry","category-podgorica","tag-ministarstvo-sporta-i-mladih","tag-podgorica"],"acf":[],"jetpack_publicize_connections":[],"_links":{"self":[{"href":"https:\/\/gradski.me\/en\/wp-json\/wp\/v2\/posts\/880636","targetHints":{"allow":["GET"]}}],"collection":[{"href":"https:\/\/gradski.me\/en\/wp-json\/wp\/v2\/posts"}],"about":[{"href":"https:\/\/gradski.me\/en\/wp-json\/wp\/v2\/types\/post"}],"author":[{"embeddable":true,"href":"https:\/\/gradski.me\/en\/wp-json\/wp\/v2\/users\/1"}],"replies":[{"embeddable":true,"href":"https:\/\/gradski.me\/en\/wp-json\/wp\/v2\/comments?post=880636"}],"version-history":[{"count":0,"href":"https:\/\/gradski.me\/en\/wp-json\/wp\/v2\/posts\/880636\/revisions"}],"wp:featuredmedia":[{"embeddable":true,"href":"https:\/\/gradski.me\/en\/wp-json\/wp\/v2\/media\/838826"}],"wp:attachment":[{"href":"https:\/\/gradski.me\/en\/wp-json\/wp\/v2\/media?parent=880636"}],"wp:term":[{"taxonomy":"category","embeddable":true,"href":"https:\/\/gradski.me\/en\/wp-json\/wp\/v2\/categories?post=880636"},{"taxonomy":"post_tag","embeddable":true,"href":"https:\/\/gradski.me\/en\/wp-json\/wp\/v2\/tags?post=880636"},{"taxonomy":"naslovna","embeddable":true,"href":"https:\/\/gradski.me\/en\/wp-json\/wp\/v2\/naslovna?post=880636"}],"curies":[{"name":"wp","href":"https:\/\/api.w.org\/{rel}","templated":true}]}}