{"id":880462,"date":"2025-11-28T17:46:53","date_gmt":"2025-11-28T16:46:53","guid":{"rendered":"https:\/\/gradski.me\/?p=880462"},"modified":"2025-11-28T17:46:53","modified_gmt":"2025-11-28T16:46:53","slug":"saobracajna-nezgoda-u-krusevu-lakse-povrijedjene-dvije-osobe","status":"publish","type":"post","link":"https:\/\/gradski.me\/en\/hronika\/saobracajna-nezgoda-u-krusevu-lakse-povrijedjene-dvije-osobe\/","title":{"rendered":"Saobra\u0107ajna nezgoda u Kru\u0161evu, lak\u0161e povrije\u0111ene dvije osobe"},"content":{"rendered":"<p><\/p>\n\n\n\n<p>Kako pi\u0161e taj medij, prema prvim informacijama, do nezgode je do\u0161lo kada su poku\u0161ale da preteknu \u0161leper zet\u00adskih registarskih oznaka. Zbog klizavog kolovoza, izgubile su kontrolu nad vozilom, nakon \u010dega se automobil prevrnuo i zavr\u0161io na krovu.<\/p>\n\n\n\n<p>Povrije\u0111enima je ukazana medicinska pomo\u0107, dok je na vozilu pri\u010dinjena materijalna \u0161teta.<\/p>\n\n\n\n<p>Saobra\u0107aj je, zbog uvi\u0111aja bio u prekidu.<\/p>","protected":false},"excerpt":{"rendered":"<p>Na magistralnom putu Bijelo Polje \u2013 Slijepa\u010d Most, u mjestu Kru\u0161evo, oko 17 \u010dasova do\u0161lo je do saobra\u0107ajne nezgode u kojoj su lak\u0161e povrije\u0111ene dvije \u017eenske osobe, prenosi Radio Bijelo Polje.<\/p>","protected":false},"author":1,"featured_media":880463,"comment_status":"open","ping_status":"open","sticky":false,"template":"","format":"standard","meta":{"_acf_changed":false,"footnotes":"","jetpack_publicize_message":"","jetpack_publicize_feature_enabled":true,"jetpack_social_post_already_shared":false,"jetpack_social_options":{"image_generator_settings":{"template":"highway","default_image_id":0,"font":"","enabled":false},"version":2}},"categories":[10],"tags":[1347,1374],"naslovna":[],"class_list":["post-880462","post","type-post","status-publish","format-standard","has-post-thumbnail","hentry","category-hronika","tag-bijelo-polje","tag-udes"],"acf":[],"jetpack_publicize_connections":[],"_links":{"self":[{"href":"https:\/\/gradski.me\/en\/wp-json\/wp\/v2\/posts\/880462","targetHints":{"allow":["GET"]}}],"collection":[{"href":"https:\/\/gradski.me\/en\/wp-json\/wp\/v2\/posts"}],"about":[{"href":"https:\/\/gradski.me\/en\/wp-json\/wp\/v2\/types\/post"}],"author":[{"embeddable":true,"href":"https:\/\/gradski.me\/en\/wp-json\/wp\/v2\/users\/1"}],"replies":[{"embeddable":true,"href":"https:\/\/gradski.me\/en\/wp-json\/wp\/v2\/comments?post=880462"}],"version-history":[{"count":0,"href":"https:\/\/gradski.me\/en\/wp-json\/wp\/v2\/posts\/880462\/revisions"}],"wp:featuredmedia":[{"embeddable":true,"href":"https:\/\/gradski.me\/en\/wp-json\/wp\/v2\/media\/880463"}],"wp:attachment":[{"href":"https:\/\/gradski.me\/en\/wp-json\/wp\/v2\/media?parent=880462"}],"wp:term":[{"taxonomy":"category","embeddable":true,"href":"https:\/\/gradski.me\/en\/wp-json\/wp\/v2\/categories?post=880462"},{"taxonomy":"post_tag","embeddable":true,"href":"https:\/\/gradski.me\/en\/wp-json\/wp\/v2\/tags?post=880462"},{"taxonomy":"naslovna","embeddable":true,"href":"https:\/\/gradski.me\/en\/wp-json\/wp\/v2\/naslovna?post=880462"}],"curies":[{"name":"wp","href":"https:\/\/api.w.org\/{rel}","templated":true}]}}