{"id":880442,"date":"2025-11-28T18:50:00","date_gmt":"2025-11-28T17:50:00","guid":{"rendered":"https:\/\/gradski.me\/?p=880442"},"modified":"2025-11-28T18:50:00","modified_gmt":"2025-11-28T17:50:00","slug":"otkriven-odbrambeni-plan-njemacka-se-priprema-za-najgori-scenario","status":"publish","type":"post","link":"https:\/\/gradski.me\/en\/svijet\/otkriven-odbrambeni-plan-njemacka-se-priprema-za-najgori-scenario\/","title":{"rendered":"Otkriven odbrambeni plan: Njema\u010dka se priprema za najgori scenario"},"content":{"rendered":"<p><\/p>\n\n\n\n<p>Plan, izra\u0111en prije otprilike dvije i po godine, sada se sprovodi &#8222;punom brzinom&#8220; usred upozorenja njema\u010dkih zvani\u010dnika da bi Rusija mogla biti spremna napasti neku od \u010dlanica NATO-a ve\u0107 2028. godine. Cilj je osigurati brzo dono\u0161enje politi\u010dkih odluka u kriznim situacijama i omogu\u0107iti koordinisano i efikasno djelovanje, prenosi <strong>Index<\/strong>.<\/p>\n\n\n\n<h3 class=\"wp-block-heading\">Holisti\u010dki pristup i moderni izazovi<\/h3>\n\n\n\n<p>Prema dokumentu Bundesvera, OPLAN DEU osmi\u0161ljen je kako bi uskladio njema\u010dku &#8222;sposobnost hladnog starta, spremnost za borbu i otpornost&#8220; s dana\u0161njim bezbjednosnim izazovima. Plan primjenjuje &#8222;holisti\u010dki pristup&#8220;, usko povezuju\u0107i civilne i vojne funkcije.<\/p>\n\n\n\n<p>Iako koncept podsje\u0107a na strategije iz Hladnog rata, a\u017euriran je kako bi odgovorio na moderne izazove poput zastarjele infrastrukture, birokratskih prepreka i nedostatka osoblja. Sprovo\u0111enje plana moglo bi biti ote\u017eano zbog uru\u0161avaju\u0107ih mostova, uskih tunela i propadaju\u0107ih luka, kao i zbog ograni\u010denih vojnih sposobnosti i slabe koordinacije s civilnim agencijama.<\/p>\n\n\n\n<h3 class=\"wp-block-heading\">Vje\u017eba &#8222;Red Storm Bravo&#8220;<\/h3>\n\n\n\n<p>Krajem septembra, \u0160tab savezne dr\u017eave Hamburg sproveo je vje\u017ebu &#8222;Red Storm Bravo&#8220; kako bi testirao raspore\u0111ivanje trupa. Portparol je izjavio da je vje\u017eba uklju\u010divala simulirani dolazak NATO snaga koje se u koloni kre\u0107u prema istoku.<\/p>\n\n\n\n<p>Me\u0111utim, konvoj koji je trebao putovati bez zaustavljanja bio je usporen dugim razmacima izme\u0111u vozila, simuliranim napadom dronom i insceniranim protestom, pre\u0161av\u0161i manje od deset kilometara u dva sata. Procurjeli operativni plan napominje da ovakve vje\u017ebe pokazuju kako \u010dak i osnovne operacije mogu zastati u stvarnoj krizi.<\/p>\n\n\n\n<h3 class=\"wp-block-heading\">Uklju\u010divanje privatnog sektora<\/h3>\n\n\n\n<p>Kako bi se prevladali ovi izazovi, OPLAN DEU se uveliko oslanja na privatne kompanije. Primjerice, kompanija Reinmetal zadu\u017eena je za osiguravanje privremenih kampova, opskrbljivanje trupa i postavljanje klju\u010dne infrastrukture poput tu\u0161eva, benzinskih stanica i poljskih kuhinja. Plan tako\u0111e navodi sabota\u017eu kriti\u010dne infrastrukture, poput \u017eeljeznica i puteva, kao jednu od najve\u0107ih prijetnji.<\/p>\n\n\n\n<p>Stoga se poziva na kori\u0161\u0107enje dronova za rano otkrivanje i suzbijanje takvih prijetnji. Paul \u0160trobel, portparol njema\u010dke kompanije za dronove Quantum Systems, izjavio je da dronovi prodani Bundesveru ne smiju letjeti iznad naseljenih podru\u010dja i moraju biti zakonski opremljeni pozicijskim svjetlima, \u0161to ukazuje na tehni\u010dke i pravne izazove koji jo\u0161 postoje.<\/p>\n\n\n\n<h3 class=\"wp-block-heading\">Posljednje ljeto mira?<\/h3>\n\n\n\n<p>Njema\u010dki zvani\u010dnici upozoravaju da bi Rusija mogla biti spremna napasti \u010dlanicu NATO-a od 2029. godine, a akti sabota\u017ee i \u0161pijuna\u017ee vide se kao mogu\u0107i znakovi upozorenja. Njema\u010dki ministar odbrane Boris Pistorius nedavno je za Frankfurter Allgemeine Zeitung izjavio da Rusija &#8222;ubrzano gomila arsenale uprkos ratu u Ukrajini&#8220;.<\/p>\n\n\n\n<p>Pistorius je tako\u0111e iznio mogu\u0107nost da bi napad na Savez mogao do\u0107i i ranije. &#8222;Vojni stru\u010dnjaci i obavje\u0161tajne slu\u017ebe mogu grubo procijeniti kada \u0107e Rusija dovoljno obnoviti svoje oru\u017eane snage da napadne \u010dlanicu NATO-a na istoku&#8220;, rekao je. &#8222;Uvijek smo govorili da bi to moglo biti od 2029. godine. Sada neki sugeri\u0161u da bi se to moglo dogoditi ve\u0107 2028., a nekolicina vojnih istori\u010dara \u010dak tvrdi da je pro\u0161lo ljeto mo\u017eda bilo posljednje ljeto mira.&#8220;<\/p>","protected":false},"excerpt":{"rendered":"<p>Njema\u010dka se priprema za mogu\u0107i rat s Rusijom kroz masivan odbrambeni plan koji predvi\u0111a kretanje do 800.000 NATO vojnika preko njene teritorije, otkriva procurjeli dokument Bundesvera na 1.200 stranica. Donedavno tajan, takozvani Operativni plan Njema\u010dka (OPLAN DEU) sada jasno defini\u0161e ulogu zemlje kao klju\u010dnog sredi\u0161ta za odbranu NATO-a u slu\u010daju oru\u017eanog sukoba, pristupom koji podsje\u0107a na doba Hladnog rata, pi\u0161e\u00a0Euronews.<\/p>","protected":false},"author":1,"featured_media":880444,"comment_status":"open","ping_status":"open","sticky":false,"template":"","format":"standard","meta":{"_acf_changed":false,"footnotes":"","jetpack_publicize_message":"","jetpack_publicize_feature_enabled":true,"jetpack_social_post_already_shared":false,"jetpack_social_options":{"image_generator_settings":{"template":"highway","default_image_id":0,"font":"","enabled":false},"version":2}},"categories":[14],"tags":[13851,13852,13853],"naslovna":[],"class_list":["post-880442","post","type-post","status-publish","format-standard","has-post-thumbnail","hentry","category-svijet","tag-najgori-scenario","tag-odbrambeni-plan","tag-priprema-njemacke"],"acf":[],"jetpack_publicize_connections":[],"_links":{"self":[{"href":"https:\/\/gradski.me\/en\/wp-json\/wp\/v2\/posts\/880442","targetHints":{"allow":["GET"]}}],"collection":[{"href":"https:\/\/gradski.me\/en\/wp-json\/wp\/v2\/posts"}],"about":[{"href":"https:\/\/gradski.me\/en\/wp-json\/wp\/v2\/types\/post"}],"author":[{"embeddable":true,"href":"https:\/\/gradski.me\/en\/wp-json\/wp\/v2\/users\/1"}],"replies":[{"embeddable":true,"href":"https:\/\/gradski.me\/en\/wp-json\/wp\/v2\/comments?post=880442"}],"version-history":[{"count":0,"href":"https:\/\/gradski.me\/en\/wp-json\/wp\/v2\/posts\/880442\/revisions"}],"wp:featuredmedia":[{"embeddable":true,"href":"https:\/\/gradski.me\/en\/wp-json\/wp\/v2\/media\/880444"}],"wp:attachment":[{"href":"https:\/\/gradski.me\/en\/wp-json\/wp\/v2\/media?parent=880442"}],"wp:term":[{"taxonomy":"category","embeddable":true,"href":"https:\/\/gradski.me\/en\/wp-json\/wp\/v2\/categories?post=880442"},{"taxonomy":"post_tag","embeddable":true,"href":"https:\/\/gradski.me\/en\/wp-json\/wp\/v2\/tags?post=880442"},{"taxonomy":"naslovna","embeddable":true,"href":"https:\/\/gradski.me\/en\/wp-json\/wp\/v2\/naslovna?post=880442"}],"curies":[{"name":"wp","href":"https:\/\/api.w.org\/{rel}","templated":true}]}}