{"id":880304,"date":"2025-11-28T14:19:28","date_gmt":"2025-11-28T13:19:28","guid":{"rendered":"https:\/\/gradski.me\/?p=880304"},"modified":"2025-11-28T14:19:28","modified_gmt":"2025-11-28T13:19:28","slug":"milatovic-snaga-drzave-mjeri-brigom-o-onima-kojima-je-pomoc-najpotrebnija","status":"publish","type":"post","link":"https:\/\/gradski.me\/en\/drustvo\/milatovic-snaga-drzave-mjeri-brigom-o-onima-kojima-je-pomoc-najpotrebnija\/","title":{"rendered":"Milatovi\u0107: Snaga dr\u017eave mjeri brigom o onima kojima je pomo\u0107 najpotrebnija"},"content":{"rendered":"<p><\/p>\n\n\n\n<p>Crveni krst Crne Gore odlikovan je Ordenom crnogorske zastave I stepena.<\/p>\n\n\n\n<p>Milatovi\u0107 je podsjetio da je Crveni krst kroz vijek i po bio tamo gdje je najte\u017ee \u2013 u epidemijama, poplavama, po\u017earima i zemljotresima.<\/p>\n\n\n\n<p>U znak zahvalnosti za istorijski doprinos, predsjednik je Crveni krst Crne Gore odlikovao Ordenom crnogorske zastave i stepena, istakav\u0161i da ovo odlikovanje \u201enije samo simbol zahvalnosti dr\u017eave, ve\u0107 i priznanje organizaciji koja je u najte\u017eim trenucima bila moralni oslonac na\u0161em dru\u0161tvu\u201c.<\/p>\n\n\n\n<p>Obra\u0107aju\u0107i se volonterima, naveo je da ovim ordenom \u201edr\u017eava nagra\u0111uje svakog volontera i volonterku, svaku medicinsku sestru, donatora i gra\u0111anina koji je makar jednom pru\u017eio ruku pomo\u0107i drugom \u010dovjeku\u201c, te da upravo volonteri \u201evra\u0107aju povjerenje da sistem nije zaboravio na ljude\u201c.<\/p>\n\n\n\n<p>Govore\u0107i o me\u0111unarodnoj porodici Crvenog krsta i Crvenog polumjeseca, podsjetio je na sedam principa \u2013 humanost, nepristrasnost, neutralnost, nezavisnost, dobrovoljnost, jedinstvo i univerzalnost \u2013 \u201epravila koja traju du\u017ee od ideologija i granica, jer po\u010divaju na istini da je svaki \u010dovjek vrijedan po\u0161tovanja i za\u0161tite\u201c.<\/p>\n\n\n\n<p>Milatovi\u0107 je poru\u010dio da Crveni krst, \u201eu vremenu sumnje i nepovjerenja u institucije, pokazuje najbolje lice na\u0161e zajednice\u201c, te najavio podr\u0161ku svakoj inicijativi koja ja\u010da njegovu ulogu i povjerenje gra\u0111ana.<\/p>\n\n\n\n<p>Osvrnuo se i na zajedni\u010dke aktivnosti u pomo\u0107i najugro\u017eenijima: \u201eKada dr\u017eava, privreda i humanitarne organizacije rade zajedno, siroma\u0161tvo prestaje da bude statistika i postaje zadatak koji rje\u0161avamo zajedni\u010dki\u201c.<\/p>\n\n\n\n<p>\u201eSto pedeset godina Crvenog krsta Crne Gore nije samo istorijska \u010dinjenica \u2013 to je pri\u010da o nama. Pri\u010da o zemlji koja je kroz brojna isku\u0161enja ostala simbol dobrote i snage svojih ljudi\u201c, rekao je predsjednik.<\/p>\n\n\n\n<p>\u201eAko \u017eelimo modernu, uspje\u0161nu i evropsku Crnu Goru, moramo \u010duvati i podr\u017eavati one koji tiho i bez velikih rije\u010di svakog dana \u017eive humanost u praksi. Neka Crveni krst Crne Gore i u narednim stolje\u0107ima bude svjetionik dobrote i saosje\u0107anja\u201c, zaklju\u010dio je Milatovi\u0107.<\/p>","protected":false},"excerpt":{"rendered":"<p>Jakov Milatovi\u0107 obratio se danas na Cetinju povodom obilje\u017eavanja 150 godina Crvenog krsta Crne Gore. Naglasio je da se \u201esnaga dr\u017eave mjeri brigom o onima kojima je pomo\u0107 najpotrebnija\u201c, poru\u010div\u0161i da \u201eniko ne smije ostati sam u nevolji\u201c.<\/p>","protected":false},"author":1,"featured_media":880305,"comment_status":"open","ping_status":"open","sticky":false,"template":"","format":"standard","meta":{"_acf_changed":false,"footnotes":"","jetpack_publicize_message":"","jetpack_publicize_feature_enabled":true,"jetpack_social_post_already_shared":false,"jetpack_social_options":{"image_generator_settings":{"template":"highway","default_image_id":0,"font":"","enabled":false},"version":2}},"categories":[9],"tags":[750,153,5721],"naslovna":[],"class_list":["post-880304","post","type-post","status-publish","format-standard","has-post-thumbnail","hentry","category-drustvo","tag-crveni-krst","tag-jakov-milatovic-2","tag-orden"],"acf":[],"jetpack_publicize_connections":[],"_links":{"self":[{"href":"https:\/\/gradski.me\/en\/wp-json\/wp\/v2\/posts\/880304","targetHints":{"allow":["GET"]}}],"collection":[{"href":"https:\/\/gradski.me\/en\/wp-json\/wp\/v2\/posts"}],"about":[{"href":"https:\/\/gradski.me\/en\/wp-json\/wp\/v2\/types\/post"}],"author":[{"embeddable":true,"href":"https:\/\/gradski.me\/en\/wp-json\/wp\/v2\/users\/1"}],"replies":[{"embeddable":true,"href":"https:\/\/gradski.me\/en\/wp-json\/wp\/v2\/comments?post=880304"}],"version-history":[{"count":0,"href":"https:\/\/gradski.me\/en\/wp-json\/wp\/v2\/posts\/880304\/revisions"}],"wp:featuredmedia":[{"embeddable":true,"href":"https:\/\/gradski.me\/en\/wp-json\/wp\/v2\/media\/880305"}],"wp:attachment":[{"href":"https:\/\/gradski.me\/en\/wp-json\/wp\/v2\/media?parent=880304"}],"wp:term":[{"taxonomy":"category","embeddable":true,"href":"https:\/\/gradski.me\/en\/wp-json\/wp\/v2\/categories?post=880304"},{"taxonomy":"post_tag","embeddable":true,"href":"https:\/\/gradski.me\/en\/wp-json\/wp\/v2\/tags?post=880304"},{"taxonomy":"naslovna","embeddable":true,"href":"https:\/\/gradski.me\/en\/wp-json\/wp\/v2\/naslovna?post=880304"}],"curies":[{"name":"wp","href":"https:\/\/api.w.org\/{rel}","templated":true}]}}