{"id":879434,"date":"2025-11-27T14:08:00","date_gmt":"2025-11-27T13:08:00","guid":{"rendered":"https:\/\/gradski.me\/?p=879434"},"modified":"2025-11-27T14:08:00","modified_gmt":"2025-11-27T13:08:00","slug":"jedan-od-vodecih-evropskih-rabina-posjetio-vjersku-zajednicu-jevreja-crne-gore","status":"publish","type":"post","link":"https:\/\/gradski.me\/en\/drustvo\/jedan-od-vodecih-evropskih-rabina-posjetio-vjersku-zajednicu-jevreja-crne-gore\/","title":{"rendered":"Jedan od vode\u0107ih evropskih rabina posjetio Vjersku zajednicu Jevreja Crne Gore"},"content":{"rendered":"<p><\/p>\n\n\n\n<p>Binjomin D\u017eejkobs posjetio je sinagogu u Podgorici i izrazio podr\u0161ku za brojne aktivnosti koje sprovodi Vjerska zajednica Jevreja Crne Gore.\u00a0<\/p>\n\n\n\n<p>D\u017eejkobs se interesovao za za \u017eivot Jevreja u Crnoj Gori i kao i aktivnostima koje Zajednica sprovodi u kulturnim centrima i sinagogama u Podgorici i Budvi.&nbsp;<\/p>\n\n\n\n<p>&#8222;Uva\u017eenog gosta do\u010dekali su vrhovni rabin Crne Gore Ari Edelkopf, kao i budvanski rabin Eliezer Erenfeld&#8220;, saop\u0161tili su iz vjerske zajednice Jevreja.\u00a0<\/p>\n\n\n\n<p>Osim sa njima D\u017eejkobs je razgovarao sa brojnim \u010dlanovima Zajednice.&nbsp;<\/p>\n\n\n\n<p>D\u017eejkobs je jedan od vode\u0107ih evropskih rabina. Vrhovni je rabin Holandije, predsjednik rabinske \u0161kole Holandije i jedan od osniva\u010da i \u010dlan je rabinskog prezidijuma Rabinskog centra Evrope (RCE).<\/p>\n\n\n\n<p><\/p>","protected":false},"excerpt":{"rendered":"<p>Jedan od vode\u0107ih evropskih rabina u Evropi, D\u017eejkobs Binjomin, posjetio je Vjersku zajednicu Jevreja Crne Gore.<\/p>","protected":false},"author":1,"featured_media":879436,"comment_status":"open","ping_status":"open","sticky":false,"template":"","format":"standard","meta":{"_acf_changed":false,"footnotes":"","jetpack_publicize_message":"","jetpack_publicize_feature_enabled":true,"jetpack_social_post_already_shared":false,"jetpack_social_options":{"image_generator_settings":{"template":"highway","default_image_id":0,"font":"","enabled":false},"version":2}},"categories":[9],"tags":[188,7879,4549],"naslovna":[],"class_list":["post-879434","post","type-post","status-publish","format-standard","has-post-thumbnail","hentry","category-drustvo","tag-crna-gora","tag-jevreji","tag-zajednica"],"acf":[],"jetpack_publicize_connections":[],"_links":{"self":[{"href":"https:\/\/gradski.me\/en\/wp-json\/wp\/v2\/posts\/879434","targetHints":{"allow":["GET"]}}],"collection":[{"href":"https:\/\/gradski.me\/en\/wp-json\/wp\/v2\/posts"}],"about":[{"href":"https:\/\/gradski.me\/en\/wp-json\/wp\/v2\/types\/post"}],"author":[{"embeddable":true,"href":"https:\/\/gradski.me\/en\/wp-json\/wp\/v2\/users\/1"}],"replies":[{"embeddable":true,"href":"https:\/\/gradski.me\/en\/wp-json\/wp\/v2\/comments?post=879434"}],"version-history":[{"count":0,"href":"https:\/\/gradski.me\/en\/wp-json\/wp\/v2\/posts\/879434\/revisions"}],"wp:featuredmedia":[{"embeddable":true,"href":"https:\/\/gradski.me\/en\/wp-json\/wp\/v2\/media\/879436"}],"wp:attachment":[{"href":"https:\/\/gradski.me\/en\/wp-json\/wp\/v2\/media?parent=879434"}],"wp:term":[{"taxonomy":"category","embeddable":true,"href":"https:\/\/gradski.me\/en\/wp-json\/wp\/v2\/categories?post=879434"},{"taxonomy":"post_tag","embeddable":true,"href":"https:\/\/gradski.me\/en\/wp-json\/wp\/v2\/tags?post=879434"},{"taxonomy":"naslovna","embeddable":true,"href":"https:\/\/gradski.me\/en\/wp-json\/wp\/v2\/naslovna?post=879434"}],"curies":[{"name":"wp","href":"https:\/\/api.w.org\/{rel}","templated":true}]}}