{"id":878055,"date":"2025-11-25T19:26:00","date_gmt":"2025-11-25T18:26:00","guid":{"rendered":"https:\/\/gradski.me\/?p=878055"},"modified":"2025-11-25T19:26:00","modified_gmt":"2025-11-25T18:26:00","slug":"video-djurisic-rekonstrukcija-sc-ljubovic-ce-se-odvijati-u-dvije-faze","status":"publish","type":"post","link":"https:\/\/gradski.me\/en\/podgorica\/video-djurisic-rekonstrukcija-sc-ljubovic-ce-se-odvijati-u-dvije-faze\/","title":{"rendered":"(VIDEO) \u0110uri\u0161i\u0107: Rekonstrukcija SC Ljubovi\u0107 \u0107e se odvijati u dvije faze"},"content":{"rendered":"<p>Ugovor za izradu idejnog rje\u0161enja i glavnog projekta rekonstrukcije Sportskog centra Ljubovi\u0107 dodijeljen je preduze\u0107u &#8222;Civil in\u017eenjer&#8220; \u2013 ko\u0161ta\u0107e 165 hiljada eura, a koliko sami radovi, kako je saop\u0161teno, bi\u0107e poznato nakon izrade glavnog projekta. Na rje\u0161enje saglasnost mora dati glavni dr\u017eavni arhitekta.<\/p>\n\n\n\n<p>&#8222;Nakon pribavljene saglasnosti slijedi razrada idejnog rje\u0161enja kroz glavni projekat i neophodno je da obezbijedimo reviziju. Trenutno je u toku javni poziv.\u00a0Ponude su bile mogu\u0107e dostaviti do 17.\u00a0 novembra, s tim da su dostavljene dvije ponude i u toku je vrednovanje&#8220;, kazala je Milica \u0110uri\u0161i\u0107 iz Agencije za izgradnju i razvoj Podgorice.<\/p>\n\n\n\n<p>Sama rekonstrukcija planirana je u dvije faze \u2013 prva je ve\u0107eg objekta.<\/p>\n\n\n\n<p>&#8222;On je predvi\u0111en da se natkrije i prenamijeni u savremenu multifunkcionalnu dvoranu za sportove poput ko\u0161arke, odbojke, rukometa i gimnastike&#8220;, kazala je \u0110uri\u0161i\u0107.<\/p>\n\n\n\n<p>U drugoj \u0107e se rekonstruisati manji objekat Sportskog centra, koji \u0107e zadr\u017eati osnovnu namjenu, strelja\u0161tvo na 25 metara, poru\u010dila je \u0110uri\u0161i\u0107.<\/p>\n\n\n\n<figure class=\"wp-block-embed is-type-video is-provider-youtube wp-block-embed-youtube wp-embed-aspect-16-9 wp-has-aspect-ratio\"><div class=\"wp-block-embed__wrapper\">\n<iframe title=\"\u0110uri\u0161i\u0107: Rekonstrukcija SC Ljubovi\u0107 \u0107e se odvijati u dvije faze\" width=\"800\" height=\"450\" src=\"https:\/\/www.youtube.com\/embed\/JWvv5PAMLlM?feature=oembed\" frameborder=\"0\" allow=\"accelerometer; autoplay; clipboard-write; encrypted-media; gyroscope; picture-in-picture; web-share\" referrerpolicy=\"strict-origin-when-cross-origin\" allowfullscreen><\/iframe>\n<\/div><\/figure>","protected":false},"excerpt":{"rendered":"<p>Agencija za izgradnju i razvoj Podgorice uskoro \u0107e krenuti u rekonstrukciju Sportskog centra Ljubovi\u0107 \u2013 kako bi korisnici dobili savremeni kompleks. To je saop\u0161teno u Jutarnjem programu RTV Podgorica. \u00a0<\/p>","protected":false},"author":1,"featured_media":878057,"comment_status":"open","ping_status":"open","sticky":false,"template":"","format":"standard","meta":{"_acf_changed":false,"footnotes":"","jetpack_publicize_message":"","jetpack_publicize_feature_enabled":true,"jetpack_social_post_already_shared":false,"jetpack_social_options":{"image_generator_settings":{"template":"highway","default_image_id":0,"font":"","enabled":false},"version":2}},"categories":[6],"tags":[12279,13529,1480,12803],"naslovna":[],"class_list":["post-878055","post","type-post","status-publish","format-standard","has-post-thumbnail","hentry","category-podgorica","tag-milica-djurisic","tag-pdgorica","tag-rekonstrukcija","tag-sc-ljubovic-2"],"acf":[],"jetpack_publicize_connections":[],"_links":{"self":[{"href":"https:\/\/gradski.me\/en\/wp-json\/wp\/v2\/posts\/878055","targetHints":{"allow":["GET"]}}],"collection":[{"href":"https:\/\/gradski.me\/en\/wp-json\/wp\/v2\/posts"}],"about":[{"href":"https:\/\/gradski.me\/en\/wp-json\/wp\/v2\/types\/post"}],"author":[{"embeddable":true,"href":"https:\/\/gradski.me\/en\/wp-json\/wp\/v2\/users\/1"}],"replies":[{"embeddable":true,"href":"https:\/\/gradski.me\/en\/wp-json\/wp\/v2\/comments?post=878055"}],"version-history":[{"count":0,"href":"https:\/\/gradski.me\/en\/wp-json\/wp\/v2\/posts\/878055\/revisions"}],"wp:featuredmedia":[{"embeddable":true,"href":"https:\/\/gradski.me\/en\/wp-json\/wp\/v2\/media\/878057"}],"wp:attachment":[{"href":"https:\/\/gradski.me\/en\/wp-json\/wp\/v2\/media?parent=878055"}],"wp:term":[{"taxonomy":"category","embeddable":true,"href":"https:\/\/gradski.me\/en\/wp-json\/wp\/v2\/categories?post=878055"},{"taxonomy":"post_tag","embeddable":true,"href":"https:\/\/gradski.me\/en\/wp-json\/wp\/v2\/tags?post=878055"},{"taxonomy":"naslovna","embeddable":true,"href":"https:\/\/gradski.me\/en\/wp-json\/wp\/v2\/naslovna?post=878055"}],"curies":[{"name":"wp","href":"https:\/\/api.w.org\/{rel}","templated":true}]}}