{"id":878035,"date":"2025-11-25T19:31:52","date_gmt":"2025-11-25T18:31:52","guid":{"rendered":"https:\/\/gradski.me\/?p=878035"},"modified":"2025-11-25T19:31:52","modified_gmt":"2025-11-25T18:31:52","slug":"milatovic-cestitao-jovanovicu-izbor-sudije-samo-djelimican-pomak-sud-i-dalje-nije-kompletiran","status":"publish","type":"post","link":"https:\/\/gradski.me\/en\/politika\/milatovic-cestitao-jovanovicu-izbor-sudije-samo-djelimican-pomak-sud-i-dalje-nije-kompletiran\/","title":{"rendered":"Milatovi\u0107 \u010destitao Jovanovi\u0107u: Izbor sudije samo djelimi\u010dan pomak, sud i dalje nije kompletiran"},"content":{"rendered":"<p><\/p>\n\n\n\n<p><br><\/p>\n\n\n\n<p><\/p>\n\n\n\n<p><\/p>\n\n\n\n<p><\/p>\n\n\n\n<p><br>\u201eMe\u0111utim, izbor jednog sudije Ustavnog suda danas u Skup\u0161tini je samo djelimi\u010dan pomak &#8211; Sud i dalje nije kompletiran i ne mo\u017ee ostvarivati svoju ustavnu ulogu u punom kapacitetu\u201c, kazao je Milatovi\u0107 u objavi na mre\u017ei Iks.<\/p>\n\n\n\n<p>Prema njegovim rije\u010dima, gra\u0111ani su o\u010dekivali odgovornost svih poslanika u odnosu na predlo\u017eene kandidate i njihove biografije.<\/p>\n\n\n\n<p>Zato, dodaje Milatovi\u0107, svaka propu\u0161tena prilika produbljuje ustavnu krizu, ugro\u017eava institucije i evropski put Crne Gore.<\/p>","protected":false},"excerpt":{"rendered":"<p>Predsjednik Crne Gore Jakov Milatovi\u0107 \u010destitao je Jovanu Jovanovi\u0107u na izboru za sudiju Ustavnog suda i po\u017eelio mu mnogo uspjeha u vr\u0161enju ove odgovorne funkcije.<\/p>","protected":false},"author":1,"featured_media":562457,"comment_status":"open","ping_status":"open","sticky":false,"template":"","format":"standard","meta":{"_acf_changed":false,"footnotes":"","jetpack_publicize_message":"","jetpack_publicize_feature_enabled":true,"jetpack_social_post_already_shared":false,"jetpack_social_options":{"image_generator_settings":{"template":"highway","default_image_id":0,"font":"","enabled":false},"version":2}},"categories":[7],"tags":[13528,6451,78],"naslovna":[],"class_list":["post-878035","post","type-post","status-publish","format-standard","has-post-thumbnail","hentry","category-politika","tag-djelimican-pomak","tag-izbor-sudija","tag-jakov-milatovic"],"acf":[],"jetpack_publicize_connections":[],"_links":{"self":[{"href":"https:\/\/gradski.me\/en\/wp-json\/wp\/v2\/posts\/878035","targetHints":{"allow":["GET"]}}],"collection":[{"href":"https:\/\/gradski.me\/en\/wp-json\/wp\/v2\/posts"}],"about":[{"href":"https:\/\/gradski.me\/en\/wp-json\/wp\/v2\/types\/post"}],"author":[{"embeddable":true,"href":"https:\/\/gradski.me\/en\/wp-json\/wp\/v2\/users\/1"}],"replies":[{"embeddable":true,"href":"https:\/\/gradski.me\/en\/wp-json\/wp\/v2\/comments?post=878035"}],"version-history":[{"count":0,"href":"https:\/\/gradski.me\/en\/wp-json\/wp\/v2\/posts\/878035\/revisions"}],"wp:featuredmedia":[{"embeddable":true,"href":"https:\/\/gradski.me\/en\/wp-json\/wp\/v2\/media\/562457"}],"wp:attachment":[{"href":"https:\/\/gradski.me\/en\/wp-json\/wp\/v2\/media?parent=878035"}],"wp:term":[{"taxonomy":"category","embeddable":true,"href":"https:\/\/gradski.me\/en\/wp-json\/wp\/v2\/categories?post=878035"},{"taxonomy":"post_tag","embeddable":true,"href":"https:\/\/gradski.me\/en\/wp-json\/wp\/v2\/tags?post=878035"},{"taxonomy":"naslovna","embeddable":true,"href":"https:\/\/gradski.me\/en\/wp-json\/wp\/v2\/naslovna?post=878035"}],"curies":[{"name":"wp","href":"https:\/\/api.w.org\/{rel}","templated":true}]}}