{"id":877656,"date":"2025-11-25T11:30:46","date_gmt":"2025-11-25T10:30:46","guid":{"rendered":"https:\/\/gradski.me\/?p=877656"},"modified":"2025-11-25T11:30:46","modified_gmt":"2025-11-25T10:30:46","slug":"uhapsena-osoba-koja-je-prijetila-stanivukovicu","status":"publish","type":"post","link":"https:\/\/gradski.me\/en\/region\/uhapsena-osoba-koja-je-prijetila-stanivukovicu\/","title":{"rendered":"Uhap\u0161ena osoba koja je prijetila Stanivukovi\u0107u"},"content":{"rendered":"<p><\/p>\n\n\n\n<p>Kako se navodi u saop\u0161tenju, pripradnici Policijske uprave Banjaluka sino\u0107 su li\u0161ili slobode lice I.A. iz Banjaluke, kojeg je neposredno prije toga lice D.S. prijavilo da mu je uputilo prijetnje.<\/p>\n\n\n\n<p>\u201cOdmah po zaprimanju prijave, lice je prona\u0111eno i u toku je kriminalisti\u010dka obrada nad njim. Sve mjere i radnje preduzimaju se pod nadzorom Okru\u017enog javnog tu\u017eila\u0161tva Banjaluka\u201d, dodaje se u saop\u0161tenju.<\/p>\n\n\n\n<p>Podsje\u0107amo da je Stanivukovi\u0107 sino\u0107 napadnut dok je \u0161etao gradom.<\/p>\n\n\n\n<p>&#8222;Ve\u010deras, dok sam mirno \u0161etao na Banj brdu, napao me je jedan od Arseni\u0107a, uz otvorene li\u010dne prijetnje. Incident sam odmah prijavio policiji&#8220;, napisao je iste ve\u010deri Stanivukovi\u0107 na dru\u0161tvenim mre\u017eama.<\/p>\n\n\n\n<p>Na ovo sino\u0107 odmah je reagovao dbornik SNSD-a u Skup\u0161tini grada Banjaluka Bogoljub Zeljkovi\u0107, koji je osudio napad na Stanivukovi\u0107a, te istakao da nasilje ne smije biti dio dru\u0161tva.<\/p>\n\n\n\n<p><\/p>\n\n\n\n<p><\/p>","protected":false},"excerpt":{"rendered":"<p>Banjaluka &#8211; Lice \u010diji su inicijali I.A. uhap\u0161eno je u Banjaluci zbog prijetnji gradona\u010delniku Dra\u0161ku Stanivukovi\u0107u, potvr\u0111eno je iz PU Banjaluka.<\/p>","protected":false},"author":1,"featured_media":627072,"comment_status":"open","ping_status":"open","sticky":false,"template":"","format":"standard","meta":{"_acf_changed":false,"footnotes":"","jetpack_publicize_message":"","jetpack_publicize_feature_enabled":true,"jetpack_social_post_already_shared":false,"jetpack_social_options":{"image_generator_settings":{"template":"highway","default_image_id":0,"font":"","enabled":false},"version":2}},"categories":[13],"tags":[8477,13453,3127],"naslovna":[],"class_list":["post-877656","post","type-post","status-publish","format-standard","has-post-thumbnail","hentry","category-region","tag-banjaluka","tag-drasko-stanivukovic-3","tag-region"],"acf":[],"jetpack_publicize_connections":[],"_links":{"self":[{"href":"https:\/\/gradski.me\/en\/wp-json\/wp\/v2\/posts\/877656","targetHints":{"allow":["GET"]}}],"collection":[{"href":"https:\/\/gradski.me\/en\/wp-json\/wp\/v2\/posts"}],"about":[{"href":"https:\/\/gradski.me\/en\/wp-json\/wp\/v2\/types\/post"}],"author":[{"embeddable":true,"href":"https:\/\/gradski.me\/en\/wp-json\/wp\/v2\/users\/1"}],"replies":[{"embeddable":true,"href":"https:\/\/gradski.me\/en\/wp-json\/wp\/v2\/comments?post=877656"}],"version-history":[{"count":0,"href":"https:\/\/gradski.me\/en\/wp-json\/wp\/v2\/posts\/877656\/revisions"}],"wp:featuredmedia":[{"embeddable":true,"href":"https:\/\/gradski.me\/en\/wp-json\/wp\/v2\/media\/627072"}],"wp:attachment":[{"href":"https:\/\/gradski.me\/en\/wp-json\/wp\/v2\/media?parent=877656"}],"wp:term":[{"taxonomy":"category","embeddable":true,"href":"https:\/\/gradski.me\/en\/wp-json\/wp\/v2\/categories?post=877656"},{"taxonomy":"post_tag","embeddable":true,"href":"https:\/\/gradski.me\/en\/wp-json\/wp\/v2\/tags?post=877656"},{"taxonomy":"naslovna","embeddable":true,"href":"https:\/\/gradski.me\/en\/wp-json\/wp\/v2\/naslovna?post=877656"}],"curies":[{"name":"wp","href":"https:\/\/api.w.org\/{rel}","templated":true}]}}