{"id":877529,"date":"2025-11-25T10:15:00","date_gmt":"2025-11-25T09:15:00","guid":{"rendered":"https:\/\/gradski.me\/?p=877529"},"modified":"2025-11-25T10:15:00","modified_gmt":"2025-11-25T09:15:00","slug":"adolf-hitler-iz-namibije-politicar-sa-sokantnim-imenom-ubjedljivo-vodi-na-izborima","status":"publish","type":"post","link":"https:\/\/gradski.me\/en\/svijet\/adolf-hitler-iz-namibije-politicar-sa-sokantnim-imenom-ubjedljivo-vodi-na-izborima\/","title":{"rendered":"Adolf Hitler iz Namibije: Politi\u010dar sa \u0161okantnim imenom ubjedljivo vodi na izborima"},"content":{"rendered":"<p><\/p>\n\n\n\n<p>Uunona je istaknuti \u010dlan vladaju\u0107e partije SWAPO (South West Africa People\u2019s Organization), lijevo orijentisane politi\u010dke snage koja vodi zemlju jo\u0161 od sticanja nezavisnosti od Ju\u017ene Afrike 1990. godine. Na toj poziciji nalazi se ve\u0107 vi\u0161e od dvije decenije, jer je prvi put izabran 2004, a ubjedljivo je pobijedio i na izborima 2015. i 2020. godine \u2014 tada sa \u010dak 85 posto glasova, navodi The Times of Israel.<\/p>\n\n\n\n<h2 class=\"wp-block-heading\">\u201cImam to ime, ali nisam taj \u010dovjek\u201d<\/h2>\n\n\n\n<p>U intervjuu za list The Namibian nakon izbora 2020, Uunona je govorio o svom neobi\u010dnom imenu, nagla\u0161avaju\u0107i da ga ono nimalo ne povezuje s nacisti\u010dkim liderom:<\/p>\n\n\n\n<p>\u201eMoj otac mi je dao ime Adolf Hitler, ali to ne zna\u010di da imam Hitlerov karakter niti da li\u010dim na Adolfa Hitlera iz Njema\u010dke. Hitler je bio kontroverzna osoba koja je zarobljavala i ubijala ljude \u0161irom svijeta. Ja nisam takav.\u201c<\/p>\n\n\n\n<p>Uunona se u politi\u010dkoj i li\u010dnoj komunikaciji uglavnom predstavlja kao Adolf Uunona, a ka\u017ee da njegovi roditelji najvjerovatnije nisu razumjeli istorijsko zna\u010denje li\u010dnosti po kojoj su ga nazvali. Kako je objasnio u ranijem razgovoru za njema\u010dke medije, tek kao tinejd\u017eer shvatio je ko je bio Hitler i \u0161ta je predstavljao. Danas, ka\u017ee, svoje ime ne mo\u017ee mijenjati jer se nalazi u svim zvani\u010dnim dokumentima.<\/p>\n\n\n\n<h2 class=\"wp-block-heading\">Za\u0161to u Namibiji postoje imena poput Adolf Hitler?<\/h2>\n\n\n\n<p>Razlog se krije u istoriji. Namibia je od 1884. do 1915. bila njema\u010dka kolonija pod nazivom Njema\u010dka Jugozapadna Afrika. Tokom tog perioda mnogi doma\u0107i stanovnici su, pod uticajem kolonijalne administracije, usvajali njema\u010dka imena \u2014 praksa koja je u nekim zajednicama opstala i nakon Prvog svjetskog rata.<\/p>\n\n\n\n<p>Kolonijalno naslje\u0111e ima i mnogo mra\u010dniju stranu: od 1904. do 1908. godine, pod vla\u0161\u0107u cara Vilhelma II, Njema\u010dko carstvo po\u010dinilo je genocid nad narodima Ovaherero i Nama, u kojem je ubijeno izme\u0111u 60.000 i 100.000 ljudi. Taj zlo\u010din \u010desto se naziva i \u201eKaiserov holokaust\u201c. Njema\u010dka je genocid zvani\u010dno priznala tek 2021. godine, dok se borba za reparacije nastavlja.<\/p>\n\n\n\n<p>Njema\u010dki uticaj ostao je sna\u017ean i nakon zavr\u0161etka kolonijalne ere. Tokom XX vijeka dio nacista koji su bje\u017eali iz Evrope na\u0161ao je uto\u010di\u0161te u Namibiji. \u010cak je i The New York Times 1976. pisao o njema\u010dko-namibijskim zajednicama u kojima se me\u0111u pojedincima jo\u0161 \u010duo pozdrav \u201eHeil Hitler\u201c.<\/p>\n\n\n\n<h2 class=\"wp-block-heading\">Ubjedljivo vodi i 2025. godine<\/h2>\n\n\n\n<p>Prema projekcijama izborne komisije Namibije, Adolf Hitler Uunona je i na aktuelnim izborima gotovo siguran pobjednik u svojoj sredini. Lokalni mediji navode da je njegova dugogodi\u0161nja dominacija rezultat terenskog rada, infrastrukturalnih projekata i povjerenja koje u\u017eiva u zajednici \u2014 a ne njegovog imena, koje u Namibiji ne nosi isto emocionalno i istorijsko zna\u010denje kao u ostatku svijeta.<\/p>\n\n\n\n<p>Bez obzira na reakcije \u0161ire javnosti i me\u0111unarodnih medija, u Ompundji je Uunona zapa\u017een kao politi\u010dar, a ne kao \u010dovjek koji nosi ime kakvo se rijetko gdje mo\u017ee \u010duti.<\/p>","protected":false},"excerpt":{"rendered":"<p>U maloj namibijskoj izbornoj jedinici Ompundja, u regionu Oshana, glasa\u010di se spremaju da na lokalnim izborima ponovo ubjedljivo podr\u017ee dugogodi\u0161njeg odbornika \u2013 \u010dovjeka \u010dije ime izaziva globalno iznena\u0111enje: Adolf Hitler Uunona (59).<\/p>","protected":false},"author":1,"featured_media":877530,"comment_status":"open","ping_status":"open","sticky":false,"template":"","format":"standard","meta":{"_acf_changed":false,"footnotes":"","jetpack_publicize_message":"","jetpack_publicize_feature_enabled":true,"jetpack_social_post_already_shared":false,"jetpack_social_options":{"image_generator_settings":{"template":"highway","default_image_id":0,"font":"","enabled":false},"version":2}},"categories":[14],"tags":[6617,13429,3510,13430,13431],"naslovna":[],"class_list":["post-877529","post","type-post","status-publish","format-standard","has-post-thumbnail","hentry","category-svijet","tag-adolf-hitler","tag-namibija","tag-politicar","tag-sokantno-ime","tag-vodi-na-izborima"],"acf":[],"jetpack_publicize_connections":[],"_links":{"self":[{"href":"https:\/\/gradski.me\/en\/wp-json\/wp\/v2\/posts\/877529","targetHints":{"allow":["GET"]}}],"collection":[{"href":"https:\/\/gradski.me\/en\/wp-json\/wp\/v2\/posts"}],"about":[{"href":"https:\/\/gradski.me\/en\/wp-json\/wp\/v2\/types\/post"}],"author":[{"embeddable":true,"href":"https:\/\/gradski.me\/en\/wp-json\/wp\/v2\/users\/1"}],"replies":[{"embeddable":true,"href":"https:\/\/gradski.me\/en\/wp-json\/wp\/v2\/comments?post=877529"}],"version-history":[{"count":0,"href":"https:\/\/gradski.me\/en\/wp-json\/wp\/v2\/posts\/877529\/revisions"}],"wp:featuredmedia":[{"embeddable":true,"href":"https:\/\/gradski.me\/en\/wp-json\/wp\/v2\/media\/877530"}],"wp:attachment":[{"href":"https:\/\/gradski.me\/en\/wp-json\/wp\/v2\/media?parent=877529"}],"wp:term":[{"taxonomy":"category","embeddable":true,"href":"https:\/\/gradski.me\/en\/wp-json\/wp\/v2\/categories?post=877529"},{"taxonomy":"post_tag","embeddable":true,"href":"https:\/\/gradski.me\/en\/wp-json\/wp\/v2\/tags?post=877529"},{"taxonomy":"naslovna","embeddable":true,"href":"https:\/\/gradski.me\/en\/wp-json\/wp\/v2\/naslovna?post=877529"}],"curies":[{"name":"wp","href":"https:\/\/api.w.org\/{rel}","templated":true}]}}