{"id":877082,"date":"2025-11-24T17:27:00","date_gmt":"2025-11-24T16:27:00","guid":{"rendered":"https:\/\/gradski.me\/?p=877082"},"modified":"2025-11-24T17:27:00","modified_gmt":"2025-11-24T16:27:00","slug":"crnogorska-izlozba-na-venecijanskom-bijenalu-arhitekture-ostavila-prepoznatljiv-trag","status":"publish","type":"post","link":"https:\/\/gradski.me\/en\/kultura\/crnogorska-izlozba-na-venecijanskom-bijenalu-arhitekture-ostavila-prepoznatljiv-trag\/","title":{"rendered":"Crnogorska izlo\u017eba na Venecijanskom bijenalu arhitekture ostavila prepoznatljiv trag"},"content":{"rendered":"<p><\/p>\n\n\n\n<p>\u201cCrnogorska izlo\u017eba \u2018Razumjeti zemlju\u2019 ostavila je prepoznatljiv trag, donose\u0107i duboko promi\u0161ljenu umjetni\u010dku interpretaciju odnosa \u010dovjeka i pejza\u017ea. Svojim autenti\u010dnim glasom Crna Gora je doprinijela globalnom dijalogu o arhitekturi koja po\u0161tuje tlo, pamti naslje\u0111e i oslu\u0161kuje budu\u0107nost\u201d, navodi se u saop\u0161tenju.<\/p>\n\n\n\n<p>Sve\u010danosti zatvaranja prisustvovali su, u ime Crne Gore, navode, komesarka paviljona&nbsp;<strong>Mirjana \u0110uri\u0161i\u0107<\/strong>&nbsp;i autori ovogodi\u0161nje postavke&nbsp;<strong>Ivan \u0160ukovi\u0107<\/strong>,<strong>&nbsp;Dejan Todorovi\u0107<\/strong>&nbsp;i&nbsp;<strong>Emir \u0160ehanovi\u0107.<\/strong><\/p>\n\n\n\n<p>Na marginama doga\u0111aja, zaklju\u010duju, razmijenili su utiske sa kustosom Bijenala,<strong>&nbsp;Karlom Ratijem<\/strong>, o zna\u010daju ovogodi\u0161njih tema i daljem produbljivanju dijaloga o odnosu \u010dovjeka i prirode.<\/p>","protected":false},"excerpt":{"rendered":"<p>Spu\u0161tanjem zavjese na Venecijanskom bijenalu arhitekture zavr\u0161ava se jo\u0161 jedno izdanje ove svjetske smotre prostora, ideja i vizija, saop\u0161tili su iz Ministarstva prostornog planiranja, urbanizma i dr\u017eavne imovine.<\/p>","protected":false},"author":1,"featured_media":877083,"comment_status":"open","ping_status":"open","sticky":false,"template":"","format":"standard","meta":{"_acf_changed":false,"footnotes":"","jetpack_publicize_message":"","jetpack_publicize_feature_enabled":true,"jetpack_social_post_already_shared":false,"jetpack_social_options":{"image_generator_settings":{"template":"highway","default_image_id":0,"font":"","enabled":false},"version":2}},"categories":[11],"tags":[11720,795,5029],"naslovna":[],"class_list":["post-877082","post","type-post","status-publish","format-standard","has-post-thumbnail","hentry","category-kultura","tag-bijenale","tag-izlozba","tag-venecija"],"acf":[],"jetpack_publicize_connections":[],"_links":{"self":[{"href":"https:\/\/gradski.me\/en\/wp-json\/wp\/v2\/posts\/877082","targetHints":{"allow":["GET"]}}],"collection":[{"href":"https:\/\/gradski.me\/en\/wp-json\/wp\/v2\/posts"}],"about":[{"href":"https:\/\/gradski.me\/en\/wp-json\/wp\/v2\/types\/post"}],"author":[{"embeddable":true,"href":"https:\/\/gradski.me\/en\/wp-json\/wp\/v2\/users\/1"}],"replies":[{"embeddable":true,"href":"https:\/\/gradski.me\/en\/wp-json\/wp\/v2\/comments?post=877082"}],"version-history":[{"count":0,"href":"https:\/\/gradski.me\/en\/wp-json\/wp\/v2\/posts\/877082\/revisions"}],"wp:featuredmedia":[{"embeddable":true,"href":"https:\/\/gradski.me\/en\/wp-json\/wp\/v2\/media\/877083"}],"wp:attachment":[{"href":"https:\/\/gradski.me\/en\/wp-json\/wp\/v2\/media?parent=877082"}],"wp:term":[{"taxonomy":"category","embeddable":true,"href":"https:\/\/gradski.me\/en\/wp-json\/wp\/v2\/categories?post=877082"},{"taxonomy":"post_tag","embeddable":true,"href":"https:\/\/gradski.me\/en\/wp-json\/wp\/v2\/tags?post=877082"},{"taxonomy":"naslovna","embeddable":true,"href":"https:\/\/gradski.me\/en\/wp-json\/wp\/v2\/naslovna?post=877082"}],"curies":[{"name":"wp","href":"https:\/\/api.w.org\/{rel}","templated":true}]}}