{"id":877048,"date":"2025-11-24T14:13:00","date_gmt":"2025-11-24T13:13:00","guid":{"rendered":"https:\/\/gradski.me\/?p=877048"},"modified":"2025-11-24T14:13:00","modified_gmt":"2025-11-24T13:13:00","slug":"savjet-za-prava-djeteta-sve-nadlezne-institucije-da-se-aktivno-ukljuce-u-prevenciju-i-suzbijanje-nasilja-kako-u-skolama-tako-i-u-zajednici-u-cjelini","status":"publish","type":"post","link":"https:\/\/gradski.me\/en\/drustvo\/savjet-za-prava-djeteta-sve-nadlezne-institucije-da-se-aktivno-ukljuce-u-prevenciju-i-suzbijanje-nasilja-kako-u-skolama-tako-i-u-zajednici-u-cjelini\/","title":{"rendered":"Savjet za prava djeteta: Sve nadle\u017ene institucije da se aktivno uklju\u010de u prevenciju i suzbijanje nasilja"},"content":{"rendered":"<p><br>\u010clanovi Savjeta razmotrili su zapisnik sa prethodne, devete sjednice, koji je jednoglasno usvojen.<br><br>Centralna tema dana\u0161nje sjednice bila je \u201eNasilje nad djecom i me\u0111u djecom\u201c.<\/p>\n\n\n\n<p>U okviru rasprave nagla\u0161ena je potreba da se sve nadle\u017ene institucije aktivno uklju\u010de u prevenciju i suzbijanje nasilja, kako u \u0161kolama i dvori\u0161tima, tako i u zajednici u cjelini. Istaknuto je da je neophodno preduzeti sveobuhvatne mjere kako bi se osigurala efikasna za\u0161tita djece i mladih.<br><br>Savjet \u0107e i u narednom periodu nastaviti s radom na ja\u010danju mehanizama za\u0161tite dje\u010djih prava i unapre\u0111enju uslova za siguran razvoj svakog djeteta.<\/p>\n\n\n\n<p>Savjet je zauzeo stav da je potrebno pribaviti od me\u0111uresorske radne grupe informaciju o stepenu realizacije mjera koje su sadr\u017eane u dokumentu koji je usvojila Vlada prethodne godine &#8211; Analize stanja i mjera za suzbijnje nasilja i vandalizma u \u0161kolama, a koju je sa\u010dinila me\u0111uresorska radna grupa koju je formirao Savjet za prava djeteta.<\/p>\n\n\n\n<p>Ovoj sjednici su prisustvovali gosti, \u0161ef Predstavni\u0161tva UNICEF-a u Crnoj Gori Mikele Servadei, kao i Marko Laki\u0107, sudski vje\u0161tak informaciono-tehni\u010dke struke i Bojan Ju\u0161kovi\u0107, edukator za bezbjednost djece na internetu koji su akrivno u\u010destvovali u radu i ponudili podr\u0161ku u svim aktivnostima koje se ti\u010du bezbjednosti djece.<\/p>","protected":false},"excerpt":{"rendered":"<p>Danas je odr\u017eana Deseta sjednica Savjeta za prava djeteta, koju je otvorio predsjednik Savjeta i ministar sporta i mladih Dragoslav \u0160\u0107eki\u0107, saop\u0161teno je iz Ministarstva sporta i mladih.<\/p>","protected":false},"author":1,"featured_media":877051,"comment_status":"open","ping_status":"open","sticky":false,"template":"","format":"standard","meta":{"_acf_changed":false,"footnotes":"","jetpack_publicize_message":"","jetpack_publicize_feature_enabled":true,"jetpack_social_post_already_shared":false,"jetpack_social_options":{"image_generator_settings":{"template":"highway","default_image_id":0,"font":"","enabled":false},"version":2}},"categories":[9],"tags":[13375,13376,13377,2177,13378,4549],"naslovna":[],"class_list":["post-877048","post","type-post","status-publish","format-standard","has-post-thumbnail","hentry","category-drustvo","tag-aktivna-prevencija","tag-nadlezne-institucije","tag-savjet-za-prava-djeteta","tag-skole-3","tag-suzbijanje-nasilja","tag-zajednica"],"acf":[],"jetpack_publicize_connections":[],"_links":{"self":[{"href":"https:\/\/gradski.me\/en\/wp-json\/wp\/v2\/posts\/877048","targetHints":{"allow":["GET"]}}],"collection":[{"href":"https:\/\/gradski.me\/en\/wp-json\/wp\/v2\/posts"}],"about":[{"href":"https:\/\/gradski.me\/en\/wp-json\/wp\/v2\/types\/post"}],"author":[{"embeddable":true,"href":"https:\/\/gradski.me\/en\/wp-json\/wp\/v2\/users\/1"}],"replies":[{"embeddable":true,"href":"https:\/\/gradski.me\/en\/wp-json\/wp\/v2\/comments?post=877048"}],"version-history":[{"count":0,"href":"https:\/\/gradski.me\/en\/wp-json\/wp\/v2\/posts\/877048\/revisions"}],"wp:featuredmedia":[{"embeddable":true,"href":"https:\/\/gradski.me\/en\/wp-json\/wp\/v2\/media\/877051"}],"wp:attachment":[{"href":"https:\/\/gradski.me\/en\/wp-json\/wp\/v2\/media?parent=877048"}],"wp:term":[{"taxonomy":"category","embeddable":true,"href":"https:\/\/gradski.me\/en\/wp-json\/wp\/v2\/categories?post=877048"},{"taxonomy":"post_tag","embeddable":true,"href":"https:\/\/gradski.me\/en\/wp-json\/wp\/v2\/tags?post=877048"},{"taxonomy":"naslovna","embeddable":true,"href":"https:\/\/gradski.me\/en\/wp-json\/wp\/v2\/naslovna?post=877048"}],"curies":[{"name":"wp","href":"https:\/\/api.w.org\/{rel}","templated":true}]}}