{"id":876902,"date":"2025-11-24T11:57:57","date_gmt":"2025-11-24T10:57:57","guid":{"rendered":"https:\/\/gradski.me\/?p=876902"},"modified":"2025-11-24T11:57:57","modified_gmt":"2025-11-24T10:57:57","slug":"876902-2","status":"publish","type":"post","link":"https:\/\/gradski.me\/en\/hronika\/876902-2\/","title":{"rendered":"\u0160imun: Zbog smrti bebe u Nik\u0161i\u0107u jedna sestra dobila otkaz a druga suspendovana, privatna ustanova zatvorena"},"content":{"rendered":"<p><\/p>\n\n\n\n<p>Na posebnoj sjednici Skup\u0161tine ministar zdravlja&nbsp;<strong>Vojislav Simun<\/strong>&nbsp;suo\u010dio se s pozivom na ostavku zbog niza tragi\u010dnih slu\u010dajeva u crnogorskim bolnicama. U fokusu je bila smrt bebe u Nik\u0161i\u0107u, za \u0161ta je ministar istakao da su zbog toga slu\u010daja dvije sestre suspendovane, a da je jedna od njih dobila otkaz. \u0160imun navodi da je zatvorena privatna ustanova u kojoj je lije\u010den dje\u010dak iz Bara, koji je preminuo. <\/p>\n\n\n\n<p>Poslanik Gra\u0111anskog Pokreta URA&nbsp;<strong>Zoran Mikic<\/strong>&nbsp;pitao je \u0160imuna da li \u0107e podnijeti ostavku nakon drugog slu\u010daja smrti novoro\u0111en\u010deta u Op\u0161toj bolnici Nik\u0161i\u0107 za samo dvije godine.<\/p>\n\n\n\n<p>On je naveo da u prethodnom periodu u Crnoj Gori imamo vi\u0161e smrtnih slu\u010dajeva.<\/p>\n\n\n\n<p>\u201cU Nik\u0161i\u0107u 2023. godine smo imali smrt bebe, sad u oktobru opet smrt bebe u Nik\u0161i\u0107u, smrt porodilje u Baru, pacijentkinju iz Nik\u0161i\u0107a, i dje\u010daka iz Bara. Osje\u0107ate li objektivnu odgovornost. Ho\u0107ete li podnijeti ostavku? Ho\u0107e li biti smjena zbog ovoga \u0161to se de\u0161ava u zdravstvu?\u201d, pitao je Miki\u0107.<\/p>\n\n\n\n<p>\u0160imun je kazao da svaki tragi\u010dni ishod u svakoj bolnici ili domu zdravlja, bio medicinski nepredvidiv ili neizbje\u017ean, predstavlja bolan doga\u0111aj za porodicu, ali i za zdravstveni sistem u cjelini.<\/p>\n\n\n\n<p>\u201cUpravo takva pitanja zahtijevaju da budemo transparentni u procesima i utvrdimo odgovaraju\u0107u odgovonost svakog u tom procesu\u201d, kazao je \u0160imun.<\/p>\n\n\n\n<p>Isti\u010de da je u slu\u010daju smrti bebe u Nik\u0161i\u0107u 2024.godine utvr\u0111eno o \u010demu se radilo, te da nije bilo krivi\u010dne odgovornosti.<\/p>\n\n\n\n<p>\u201cZa porodilju iz Ulcinja od samog starta sam bio u kontaktu sa porodicom. Porodica je htjela odgovor da li je bilo propusta. Ja sam pru\u017eio svu neophodnu podr\u0161ku. Preuzeli smo sve \u0161to je bilo u na\u0161oj mogu\u0107nosti, formirali eksternu komisiju iz Slovenije, koja je dostavila svoj izvje\u0161taj i mi smo ga predali porodici i tu\u017eila\u0161tvu, gdje crno na bijelo stoji gdje je bila potencijalna odgovornost\u201d, istakao je \u0160imun.<\/p>\n\n\n\n<p>Kada je rije\u010d o smrti bebe u Nik\u0161i\u0107u i dje\u010daka iz Bara, \u0160imun isti\u010de da se sprovode sve relevatne procedure koje treba da utvrde da li je odgovornost bila usled sistemske gre\u0161ke, ili je odgovornost bila individualna.<\/p>\n\n\n\n<p>\u201cDirektor bolnice u Nik\u0161i\u0107u od prvog dana, iste no\u0107i se na\u0161ao na lice mjesta u namjeri da \u010ditav postupak bude transparentan, obavijestio je nadle\u017ene institucije, sproveo svoje nadle\u017enosti koje su neophodne da se utvrdi \u0161ta se desilo. <\/p>\n\n\n\n<p>Iako se \u010deka obdukcioni nalaz, \u0160imun navodi da je direktor Op\u0161te bolnice u Nik\u0161i\u0107u sproveo sve iz svoje nadle\u017enosti.<\/p>\n\n\n\n<p>\u201cSuspendovane su dvije sestre koje su vr\u0161ile nadzor nad djetetom, od \u010dega je jedna dobila otkaz\u201d, dodao je \u0160imun.<\/p>\n\n\n\n<p>\u0160to se ti\u010de smrti dje\u010daka iz Bara, \u0160imun ka\u017ee da je u komunikaciji sa porodicom.<\/p>\n\n\n\n<p>\u201cKompleksno je lije\u010denje, bilo je u vi\u0161e ustanova, uklju\u010duju\u0107i privatne. Preduzeli smo sve iz svoje nadle\u017enosti. Privatna ustanova u kojoj je dijete najdu\u017ee lije\u010deno, na osnovu izjava roditelja i pisanih dokaza je zatvorena. Sprovodi se nadzor \u0161ta se desilo u ostalim ustanovama. Porodica je dala punu podr\u0161ku da proces istjeramo do kraja i da se utvrdi konkretno ko je kriv i da li je bilo propsuat u lije\u010dnju i od strane kog\u201d, isti\u010de \u0160imun.<\/p>\n\n\n\n<p>Va\u017eno je, isti\u010de \u0160imun, da se procesi ne zata\u0161kavaju.<\/p>\n\n\n\n<p>\u201cDa li su se nekada nesre\u0107i slu\u010dajevi zata\u0161kavali, prikrivali, to je ne\u0161to u \u0161ta ne mogu da ulazim, ali je \u010dinjenica da smo u svemu ovome postupili pravedno i transparentno sa ciljem da zadovoljimo pravdu. Pravda \u0107e biti isporu\u010dena i vrlo precizno individualiozovana odgovornost ukoliko je individualna\u201d, poru\u010duje \u0160imun.<\/p>\n\n\n\n<p>Sistem, dodaje, ne mo\u017eemo korigovati ukoliko u odre\u017eenim slu\u010dajevima individualna odgovornost ne bude prepoznata i procesuirana.<\/p>\n\n\n\n<p>\u201cTo zavisi i od istra\u017enih organa, a sve ono \u0161to je do nas je ura\u0111eno. U tom smislu, kada nastupe izazovi, a bilo ih od po\u010detka mog mandata, ne treba bje\u017eati niti se povla\u010dati. Izazove smo do sada rje\u0161avali profesionalno i odgovorno. To je namjera i u daljim postupcima\u201d, jasan je \u0160imun.<\/p>","protected":false},"excerpt":{"rendered":"<p>Na posebnoj sjednici Skup\u0161tine ministar zdravlja&nbsp;Vojislav \u0160imun&nbsp;suo\u010dio se s pozivom na ostavku zbog niza tragi\u010dnih slu\u010dajeva u crnogorskim bolnicama. U fokusu je bila smrt bebe u Nik\u0161i\u0107u, za \u0161ta je ministar istakao da su zbog toga slu\u010daja dvije sestre suspendovane, a da je jedna od njih dobila otkaz. \u0160imun navodi da je zatvorena privatna ustanova [&hellip;]<\/p>\n","protected":false},"author":1,"featured_media":789900,"comment_status":"open","ping_status":"open","sticky":false,"template":"","format":"standard","meta":{"_acf_changed":false,"footnotes":"","jetpack_publicize_message":"","jetpack_publicize_feature_enabled":true,"jetpack_social_post_already_shared":false,"jetpack_social_options":{"image_generator_settings":{"template":"highway","default_image_id":0,"font":"","enabled":false},"version":2}},"categories":[10],"tags":[8828,258,229],"naslovna":[],"class_list":["post-876902","post","type-post","status-publish","format-standard","has-post-thumbnail","hentry","category-hronika","tag-bolnica","tag-niksic","tag-vojislav-simun"],"acf":[],"jetpack_publicize_connections":[],"_links":{"self":[{"href":"https:\/\/gradski.me\/en\/wp-json\/wp\/v2\/posts\/876902","targetHints":{"allow":["GET"]}}],"collection":[{"href":"https:\/\/gradski.me\/en\/wp-json\/wp\/v2\/posts"}],"about":[{"href":"https:\/\/gradski.me\/en\/wp-json\/wp\/v2\/types\/post"}],"author":[{"embeddable":true,"href":"https:\/\/gradski.me\/en\/wp-json\/wp\/v2\/users\/1"}],"replies":[{"embeddable":true,"href":"https:\/\/gradski.me\/en\/wp-json\/wp\/v2\/comments?post=876902"}],"version-history":[{"count":0,"href":"https:\/\/gradski.me\/en\/wp-json\/wp\/v2\/posts\/876902\/revisions"}],"wp:featuredmedia":[{"embeddable":true,"href":"https:\/\/gradski.me\/en\/wp-json\/wp\/v2\/media\/789900"}],"wp:attachment":[{"href":"https:\/\/gradski.me\/en\/wp-json\/wp\/v2\/media?parent=876902"}],"wp:term":[{"taxonomy":"category","embeddable":true,"href":"https:\/\/gradski.me\/en\/wp-json\/wp\/v2\/categories?post=876902"},{"taxonomy":"post_tag","embeddable":true,"href":"https:\/\/gradski.me\/en\/wp-json\/wp\/v2\/tags?post=876902"},{"taxonomy":"naslovna","embeddable":true,"href":"https:\/\/gradski.me\/en\/wp-json\/wp\/v2\/naslovna?post=876902"}],"curies":[{"name":"wp","href":"https:\/\/api.w.org\/{rel}","templated":true}]}}