{"id":876831,"date":"2025-11-24T10:53:49","date_gmt":"2025-11-24T09:53:49","guid":{"rendered":"https:\/\/gradski.me\/?p=876831"},"modified":"2025-11-24T10:53:49","modified_gmt":"2025-11-24T09:53:49","slug":"scekic-navijacima-hrvatske-koji-su-skandirali-ubij-srbina-trebalo-zabraniti-ulazak-u-crnu-goru","status":"publish","type":"post","link":"https:\/\/gradski.me\/en\/drustvo\/scekic-navijacima-hrvatske-koji-su-skandirali-ubij-srbina-trebalo-zabraniti-ulazak-u-crnu-goru\/","title":{"rendered":"\u0160\u0107eki\u0107: Croatian fans who chanted \"Kill the Serb\" should have been banned from entering Montenegro"},"content":{"rendered":"<p><\/p>\n\n\n\n<p>Fudbaleri Crne Gore i Hrvatske odigrali su po\u010detkom sedmice posljednji me\u010d kvalifikacija za Svjetsko prvenstvo. Iako je utakmica bila odli\u010dna sa \u010dak pet golova, narednih dana se nije pri\u010dalo o fudbalu ve\u0107 o ispadima navija\u010da.<\/p>\n\n\n\n<p>Tako su navija\u010di Hrvatske tokom me\u010da uzvikivali &#8222;Ubij Srbina&#8220;, fa\u0161isti\u010dki pozdrav &#8222;Za dom spremni&#8220;, a imali su i transparente sa uvrjedljivim sadr\u017eajem.<\/p>\n\n\n\n<p>\u0160\u0107eki\u0107 smatra da je crnogorska policija morala sprovesti bolju kontrolu pri ulasku navija\u010da na stadion, ali dodaje da su imali i vi\u0161e zakonskih opcija nakon incidenata.<\/p>\n\n\n\n<p>&#8222;Pretpostavljam da crnogorska policija nije mogla da o\u010dekuje da \u0107e pona\u0161anje da bude na ovom nivou, ali je kontrola trebalo da bude rigoroznija i kada su se desili povici to je trebalo da bude istog momenta sankcionisano&#8220;, kazao je \u0160\u0107eki\u0107 gostuju\u0107i na TV Newsmax Balkans u emisiji &#8222;Dijagnoza&#8220;.<\/p>\n\n\n\n<p>Objasnio je i koje opcije je imala policija prilikom \u0161ovinisti\u010dkih i fa\u0161isti\u010dkih poruka.<\/p>\n\n\n\n<p>&#8222;Da li da bude ispra\u017enjena tribina, da li su ti navija\u010di trebalo biti sprovedeni do granice, mo\u017eda i da se sprovede odre\u0111eni postupak njihove odgovornosti jer su oni u tom momentu prema na\u0161im zakonima sijali mr\u017enju. To je prosto moralo da bude sankcionisano. Mo\u017eda bi za taj trenutak bilo previse ljudi kojima bi se izrekle kaznene mjere ali morali smo u tom pravcu da odreagujemo ba\u0161 zbog toga da se ubudu\u0107e takve stvari ne mogu de\u0161avati u Crnoj Gori. Tim navija\u010dima koje bi evidentirali, prosto je trebalo zabraniti ulazak u Crnu Goru&#8220;, precizirao je \u0160\u0107eki\u0107.<\/p>\n\n\n\n<p>Prema njegovim rije\u010dima, Crna Gora mora da saop\u0161ti da takve scene ne smiju da se de\u0161avaju.<\/p>\n\n\n\n<p>&#8222;Vlada Crne Gore je dala mi\u0161ljenje povodom de\u0161avanja, izrazila veliko nezadovoljstvo, mo\u017eda su neke institucije trebale odreagovati druga\u010dije. Ali, kada se sve sagleda Crna Gora je na neodgovorno pona\u0161anje dijela hrvatskih navija\u010da odgovorila korektno, iako smo bili jako uvrije\u0111eni. Uvrije\u0111ena je ne samo Crna Gora, uvrije\u0111en je i region, svi ljudi koji se osje\u0107aju prozvanim, posebno potomci \u017ertava koji su stradali pod sloganima koje su skandirali navija\u010di Hrvatske&#8220;, rekao je \u0160\u0107eki\u0107.<\/p>\n\n\n\n<p>Kazao je da o\u010dekuje i reakciju me\u0111unarodnih fudbalskih organizacija povodom skandiranja hrvatskih navija\u010da.<\/p>\n\n\n\n<p>&#8222;Ti navija\u010di su uprkos svemu dobrom \u0161to se de\u0161avalo na samom terenu sa fa\u0161isti\u010dkim porukama poslali jednu lo\u0161u poruku i ostavili veliki mrlju ne samo na ovu utakmicu ve\u0107 na du\u017ei period. Me\u0111unarodne fudbalske organizacije moraju da poka\u017eu da fa\u0161izmu i takvim porukama nema mjesta na terenima&#8220;, istakao je \u0160\u0107eki\u0107.<\/p>\n\n\n\n<p>Prema njegovim rije\u010dima, i gra\u0111ani Crne Gore moraju poslati poruku da fa\u0161izam nikada nije imao utemeljenja na ovim prostorima &#8222;i ne smijemo dozvoliti da sada to bude slu\u010daj&#8220;.<\/p>\n\n\n\n<p>Pohvalio je i pona\u0161anje crnogorskih navija\u010da, koji, kako je kazao, nijesu nasjeli na provokacije, pokazuju\u0107i civilizovan pristup.<\/p>\n\n\n\n<p><\/p>","protected":false},"excerpt":{"rendered":"<p>Crnogorska policija mogla je odreagovati bolje prilikom \u0161ovinisti\u010dkih i fa\u0161isti\u010dkih povika koje su skandirali navija\u010di Hrvatske na me\u010du fudbalskih reprezentacija u Podgorici, ocijenio je ministar sporta i mladih, Dragoslav \u0160\u0107eki\u0107.<\/p>","protected":false},"author":1,"featured_media":634189,"comment_status":"open","ping_status":"open","sticky":false,"template":"","format":"standard","meta":{"_acf_changed":false,"footnotes":"","jetpack_publicize_message":"","jetpack_publicize_feature_enabled":true,"jetpack_social_post_already_shared":false,"jetpack_social_options":{"image_generator_settings":{"template":"highway","default_image_id":0,"font":"","enabled":false},"version":2}},"categories":[9],"tags":[13341,6252,5156],"naslovna":[],"class_list":["post-876831","post","type-post","status-publish","format-standard","has-post-thumbnail","hentry","category-drustvo","tag-dragoslav-scekic-4","tag-govor-mrznje","tag-utakmica"],"acf":[],"jetpack_publicize_connections":[],"_links":{"self":[{"href":"https:\/\/gradski.me\/en\/wp-json\/wp\/v2\/posts\/876831","targetHints":{"allow":["GET"]}}],"collection":[{"href":"https:\/\/gradski.me\/en\/wp-json\/wp\/v2\/posts"}],"about":[{"href":"https:\/\/gradski.me\/en\/wp-json\/wp\/v2\/types\/post"}],"author":[{"embeddable":true,"href":"https:\/\/gradski.me\/en\/wp-json\/wp\/v2\/users\/1"}],"replies":[{"embeddable":true,"href":"https:\/\/gradski.me\/en\/wp-json\/wp\/v2\/comments?post=876831"}],"version-history":[{"count":0,"href":"https:\/\/gradski.me\/en\/wp-json\/wp\/v2\/posts\/876831\/revisions"}],"wp:featuredmedia":[{"embeddable":true,"href":"https:\/\/gradski.me\/en\/wp-json\/wp\/v2\/media\/634189"}],"wp:attachment":[{"href":"https:\/\/gradski.me\/en\/wp-json\/wp\/v2\/media?parent=876831"}],"wp:term":[{"taxonomy":"category","embeddable":true,"href":"https:\/\/gradski.me\/en\/wp-json\/wp\/v2\/categories?post=876831"},{"taxonomy":"post_tag","embeddable":true,"href":"https:\/\/gradski.me\/en\/wp-json\/wp\/v2\/tags?post=876831"},{"taxonomy":"naslovna","embeddable":true,"href":"https:\/\/gradski.me\/en\/wp-json\/wp\/v2\/naslovna?post=876831"}],"curies":[{"name":"wp","href":"https:\/\/api.w.org\/{rel}","templated":true}]}}