{"id":875681,"date":"2025-11-22T11:26:00","date_gmt":"2025-11-22T10:26:00","guid":{"rendered":"https:\/\/gradski.me\/?p=875681"},"modified":"2025-11-22T11:26:00","modified_gmt":"2025-11-22T10:26:00","slug":"zanimljiv-trenutak-u-bijeloj-kuci-tramp-uz-osmijeh-odobrio-mamdaniju-da-ga-naziva-fasistom","status":"publish","type":"post","link":"https:\/\/gradski.me\/en\/svijet\/zanimljiv-trenutak-u-bijeloj-kuci-tramp-uz-osmijeh-odobrio-mamdaniju-da-ga-naziva-fasistom\/","title":{"rendered":"Zanimljiv trenutak u Bijeloj ku\u0107i: Tramp uz osmijeh &#8222;odobrio&#8220; Mamdaniju da ga naziva fa\u0161istom"},"content":{"rendered":"<p><\/p>\n\n\n\n<p>Tramp i Mamdani su razgovarali o brojnim temama, a kada su se pojavili pred novinarima odr\u017eali su ugodnu atmosferu, \u010dak i kada su pitanja bila provokativna.<\/p>\n\n\n\n<p>Jedno od njih, upu\u0107eno Mamdaniju, bilo je o tome da je budu\u0107i gradona\u010delnik Njujorka Trampa nazvao fa\u0161istom u pro\u0161losti.<\/p>\n\n\n\n<p>Me\u0111utim, prije nego \u0161to je Mamdani uspio odgovoriti, Tramp je &#8222;usko\u010dio&#8220; i imao izrazito zanimljiv komentar.<\/p>\n\n\n\n<p>&#8222;U redu je, mo\u017ee\u0161 re\u0107i da jesam. Lak\u0161e je nego da obja\u0161njava\u0161&#8220;, rekao je Tramp uz osmijeh. Novinari su se na ovaj komentar tako\u0111e nasmijali.<\/p>\n\n\n\n<p>Vrijedi ista\u0107i da su prije sastanka ova dva politi\u010dara \u010desto imali okr\u0161aje putem medija. Mamdani je, osim fa\u0161istom, Trampa nazvao i &#8222;despotom&#8220;, dok je ameri\u010dki predsjednik svog sino\u0107njeg gosta nazivao &#8222;komunistom&#8220; i &#8222;ljevi\u010darskim ludakom&#8220;.<\/p>\n\n\n\n<p>Ipak, takvih termina na sastanku nije bilo, a oni su se slo\u017eili da \u0107e raditi zajedno na nekim od klju\u010dnih pitanja vezanih za Njujork, prenosi <strong>Klix.ba<\/strong>.<\/p>","protected":false},"excerpt":{"rendered":"<p>Budu\u0107i gradona\u010delnik Njujorka Zohran Mamdani je sino\u0107 do\u0161ao u Bijelu ku\u0107u gdje je odr\u017eao sastanak s Donaldom Trampom, predsjednikom SAD-a, a mnogi su bili iznena\u0111eni izrazito prijateljskom i ugodnom atmosferom.<\/p>","protected":false},"author":1,"featured_media":875682,"comment_status":"open","ping_status":"open","sticky":false,"template":"","format":"standard","meta":{"_acf_changed":false,"footnotes":"","jetpack_publicize_message":"","jetpack_publicize_feature_enabled":true,"jetpack_social_post_already_shared":false,"jetpack_social_options":{"image_generator_settings":{"template":"highway","default_image_id":0,"font":"","enabled":false},"version":2}},"categories":[14],"tags":[1992,230,13113,13114,12326],"naslovna":[],"class_list":["post-875681","post","type-post","status-publish","format-standard","has-post-thumbnail","hentry","category-svijet","tag-bijela-kuca","tag-donald-tramp","tag-lfasita","tag-osmjeh","tag-zohran-mamdani"],"acf":[],"jetpack_publicize_connections":[],"_links":{"self":[{"href":"https:\/\/gradski.me\/en\/wp-json\/wp\/v2\/posts\/875681","targetHints":{"allow":["GET"]}}],"collection":[{"href":"https:\/\/gradski.me\/en\/wp-json\/wp\/v2\/posts"}],"about":[{"href":"https:\/\/gradski.me\/en\/wp-json\/wp\/v2\/types\/post"}],"author":[{"embeddable":true,"href":"https:\/\/gradski.me\/en\/wp-json\/wp\/v2\/users\/1"}],"replies":[{"embeddable":true,"href":"https:\/\/gradski.me\/en\/wp-json\/wp\/v2\/comments?post=875681"}],"version-history":[{"count":0,"href":"https:\/\/gradski.me\/en\/wp-json\/wp\/v2\/posts\/875681\/revisions"}],"wp:featuredmedia":[{"embeddable":true,"href":"https:\/\/gradski.me\/en\/wp-json\/wp\/v2\/media\/875682"}],"wp:attachment":[{"href":"https:\/\/gradski.me\/en\/wp-json\/wp\/v2\/media?parent=875681"}],"wp:term":[{"taxonomy":"category","embeddable":true,"href":"https:\/\/gradski.me\/en\/wp-json\/wp\/v2\/categories?post=875681"},{"taxonomy":"post_tag","embeddable":true,"href":"https:\/\/gradski.me\/en\/wp-json\/wp\/v2\/tags?post=875681"},{"taxonomy":"naslovna","embeddable":true,"href":"https:\/\/gradski.me\/en\/wp-json\/wp\/v2\/naslovna?post=875681"}],"curies":[{"name":"wp","href":"https:\/\/api.w.org\/{rel}","templated":true}]}}