{"id":875342,"date":"2025-11-21T18:09:00","date_gmt":"2025-11-21T17:09:00","guid":{"rendered":"https:\/\/gradski.me\/?p=875342"},"modified":"2025-11-21T18:09:00","modified_gmt":"2025-11-21T17:09:00","slug":"sceri-moja-sjutra-na-sceni-cnp-a","status":"publish","type":"post","link":"https:\/\/gradski.me\/en\/kultura\/sceri-moja-sjutra-na-sceni-cnp-a\/","title":{"rendered":"&#8222;\u0160\u0107eri moja&#8220; sjutra na sceni CNP-a"},"content":{"rendered":"<p><br>U fokusu drame ,, \u0160\u0107eri moja\u201c je polo\u017eaj \u017eene u savremenom svijetu i odnos prema \u017eenskom djetetu. S ciljem da podstakne na razmi\u0161ljanje i mu\u0161karce i \u017eene, autorka je problematiku komada postavila u istorijski okvir. Pri\u010da prati transformaciju knjeginje Zorke Petrovi\u0107 od djevoj\u010dice koja se igra loptom do odrasle \u017eene udate za Petra I Kara\u0111or\u0111evi\u0107a. Na tom putu vidimo dru\u0161tvo u kojem i danas \u017eivimo \u2013 svijet u kojem se \u017eene jo\u0161 uvijek ne tretiraju na isti na\u010din kao mu\u0161karci.<br>The roles are played by: Vanja Jovi\u0107evi\u0107, Mirko Vlahovi\u0107, Varja \u0110uki\u0107, Slavko Kalezi\u0107, Du\u0161an Kova\u010devi\u0107, Goran Vujovi\u0107, Jovan Dabovi\u0107, Slobodan Marunovi\u0107, Danilo \u010celebi\u0107, Zoran Vujovi\u0107 and Mi\u0161o Obradovi\u0107.<br>The set designer is Aleksandar Vukoti\u0107, the costume designer is Leo Kula\u0161, the assistant costume designer is Lina Lekovi\u0107, the composer is Aleksandar Radunovi\u0107 Popaj, the choreographer is Sonja Vuki\u0107evi\u0107, the dramaturgy associate is Bal\u0161a Po\u010dek, and the executive producer is Nela Ota\u0161evi\u0107.<br>Drama \u201c\u0160\u0107eri moja\u201d Maje Todorovi\u0107 nagra\u0111ena je kao najbolja na konkursu Crnogorskog narodnog pozori\u0161ta za savremeni domac\u0301i dramski tekst, a premijerno je izvedena 17. maja 2016. godine.<br>Ulaznice se mogu kupiti putem veb-sajta www.cnp.me i na biletarnici, dok se o na\u0161im aktivnostima publika mo\u017ee informisati i na dru\u0161tvenim mre\u017eama Facebook i Instagram, kao i Viber kanalu.<\/p>\n\n\n\n<p>Repertoari Crnogorskog narodnog pozori\u0161ta dostupni su i na svim linijama nacionalne avio-kompanije Air Montenegro.<\/p>","protected":false},"excerpt":{"rendered":"<p>Predstava \u201e\u0160\u0107eri moja\u201c, Maje Todorovi\u0107 u adaptaciji i re\u017eiji Ane Vukoti\u0107, bi\u0107e izvedena sjutra (subota, 22. novembar) u 20 sati na Velikoj sceni Crnogorskog narodnog pozori\u0161ta, uz obezbije\u0111en engleski titl.<\/p>","protected":false},"author":1,"featured_media":551093,"comment_status":"open","ping_status":"open","sticky":false,"template":"","format":"standard","meta":{"_acf_changed":false,"footnotes":"","jetpack_publicize_message":"","jetpack_publicize_feature_enabled":true,"jetpack_social_post_already_shared":false,"jetpack_social_options":{"image_generator_settings":{"template":"highway","default_image_id":0,"font":"","enabled":false},"version":2}},"categories":[11],"tags":[13015,9814],"naslovna":[],"class_list":["post-875342","post","type-post","status-publish","format-standard","has-post-thumbnail","hentry","category-kultura","tag-sceri-moja","tag-velika-scena"],"acf":[],"jetpack_publicize_connections":[],"_links":{"self":[{"href":"https:\/\/gradski.me\/en\/wp-json\/wp\/v2\/posts\/875342","targetHints":{"allow":["GET"]}}],"collection":[{"href":"https:\/\/gradski.me\/en\/wp-json\/wp\/v2\/posts"}],"about":[{"href":"https:\/\/gradski.me\/en\/wp-json\/wp\/v2\/types\/post"}],"author":[{"embeddable":true,"href":"https:\/\/gradski.me\/en\/wp-json\/wp\/v2\/users\/1"}],"replies":[{"embeddable":true,"href":"https:\/\/gradski.me\/en\/wp-json\/wp\/v2\/comments?post=875342"}],"version-history":[{"count":0,"href":"https:\/\/gradski.me\/en\/wp-json\/wp\/v2\/posts\/875342\/revisions"}],"wp:featuredmedia":[{"embeddable":true,"href":"https:\/\/gradski.me\/en\/wp-json\/wp\/v2\/media\/551093"}],"wp:attachment":[{"href":"https:\/\/gradski.me\/en\/wp-json\/wp\/v2\/media?parent=875342"}],"wp:term":[{"taxonomy":"category","embeddable":true,"href":"https:\/\/gradski.me\/en\/wp-json\/wp\/v2\/categories?post=875342"},{"taxonomy":"post_tag","embeddable":true,"href":"https:\/\/gradski.me\/en\/wp-json\/wp\/v2\/tags?post=875342"},{"taxonomy":"naslovna","embeddable":true,"href":"https:\/\/gradski.me\/en\/wp-json\/wp\/v2\/naslovna?post=875342"}],"curies":[{"name":"wp","href":"https:\/\/api.w.org\/{rel}","templated":true}]}}