{"id":875009,"date":"2025-11-21T09:19:00","date_gmt":"2025-11-21T08:19:00","guid":{"rendered":"https:\/\/gradski.me\/?p=875009"},"modified":"2025-11-21T09:19:00","modified_gmt":"2025-11-21T08:19:00","slug":"djeka-sa-kampom-manjinski-narodi-konstantna-podrska-integracijama-crne-gore","status":"publish","type":"post","link":"https:\/\/gradski.me\/en\/politika\/djeka-sa-kampom-manjinski-narodi-konstantna-podrska-integracijama-crne-gore\/","title":{"rendered":"\u0110eka sa Kampom: Manjinski narodi konstantna podr\u0161ka integracijama Crne Gore"},"content":{"rendered":"<p><\/p>\n\n\n\n<p>\u201cVisoki komesar za nacionalne manjine boravi u Crnoj Gori povodom regionalne konferencije na temu podsticanja ekonomskog razvoja u raznolikim dru\u0161tvima u Jugoisto\u010dnoj Evropi, koju Ministarstvo ljudskih i manjinskih prava realizuje sjutra u saradnji sa OEBS-ovom Kancelarijom Visokog komesara za nacionalne manjine\u201d, saop\u0161teno je iz tog resora.<\/p>\n\n\n\n<p>Doga\u0111aj je, kako navode, zami\u0161ljen kao dodatni okvir za razmjenu mi\u0161ljenja, prilika, inicijativa i praksi u regionu Jugoisto\u010dne Evrope.<\/p>\n\n\n\n<p>\u201cTema ekonomskog razvoja u raznolikim dru\u0161tvima je jedna od klju\u010dnih u radu Organizacije za bezbjednost i saradnju u Evropi (OEBS) jer je usko povezana sa stabilno\u0161\u0107u dru\u0161tava i ostvarivanjem manjinskih prava\u201d, dodaju u saop\u0161tenju.<\/p>\n\n\n\n<p>\u0110eka je istakao klju\u010dnu ulogu manjinskih naroda i drugih manjinskih nacionalnih zajednica u svih dru\u0161tvenim i politi\u010dkim procesima u zemlji. Oni su faktor stabilnosti, rekao je ministar i dodao da su konstantna podr\u0161ka integracijama Crne Gore.<\/p>\n\n\n\n<p>\u201cOn je naveo da u Crnoj Gori saradnja, otvorenost i uva\u017eavanje postoje u svim aspektima kada je rije\u010d o manjinskim pravima i slobodama, osim u dijelu njihove pune uklju\u010denosti u bezbjednosni sistem, policiju, tu\u017eila\u0161tvo i sudstvo gdje treba ulo\u017eiti vi\u0161e napora i razumijevanja. Tako\u0111e, ministar je ocijenio da su investicije u lokalne samouprave u kojima ve\u0107inski \u017eive manjinski narodi nedovoljne\u201d, dodaje se u saop\u0161tenju.<\/p>\n\n\n\n<p>On je informisao Visokog komesara da Ministarstvo radi na izmjenama Zakona o manjinskim pravima i slobodama i sprovodi Strategiju manjinske politike 2024-2028. \u0161to predstavlja nastavak posve\u0107enosti Crne Gore za\u0161titi manjina, s poja\u010danim fokusom na konkretnu implementaciju i sistemsko unapre\u0111enje njihovih prava.<\/p>\n\n\n\n<p>\u201cKlju\u010dni stav Ministarstva je da Crna Gora ne mo\u017ee biti prosperitetna dr\u017eava na putu ka EU ako svi njeni gra\u0111ani, bez obzira na porijeklo, nemaju jednake mogu\u0107nosti da ostvare svoj puni ekonomski potencijal\u201d, poru\u010dio je.<\/p>\n\n\n\n<p>Visoki komesar Kamp izrazio je zadovoljstvo povodom odr\u017eavanja regionalne konferencije u Crnoj Gori. Istakao je da je pitanje inkluzivnog ekonomskog razvoja dru\u0161tava, odnosno kako iskoristiti raznolikost za podsticanje ekonomskog rasta, prioritet u mnogim zemljama, kao i obezbe\u0111ivanje zastupljenosti manjina u javnim institucijama. Ponovio je spremnost da Crnoj Gori pru\u017ei tehni\u010dku podr\u0161ku u ovom pogledu, uklju\u010duju\u0107i i pravni okvir za za\u0161titu prava manjina.<\/p>\n\n\n\n<p>\u201cPotpuna integracija nacionalnih manjina je jedan od prioriteta svakog demokratskog dru\u0161tva koje se zala\u017ee za univerzalne vrednosti. U tom smislu, regionalna konferencija koja se odr\u017eava sjutra, a koja okuplja relevantne predstavnike visokog nivoa, stru\u010dnjake iz regiona i zemlje, doprine\u0107e pronala\u017eenju novih modela ekonomskog razvoja za manjinske narode i u korist \u0161ire dru\u0161tvene zajednice, kroz identifikaciju uspe\u0161nih praksi, prioritetnih akcija i partnerstava za budu\u0107nost, prenos znanja i razvoj usmeren ka doprinosu regionalnom miru, stabilnosti i prosperitetu\u201d, zaklju\u010duje se u saop\u0161tenju.<\/p>\n\n\n\n<p><\/p>","protected":false},"excerpt":{"rendered":"<p>Crna Gora posve\u0107eno radi na za\u0161titi i unapre\u0111enju polo\u017eaja manjinskih zajednica, i saradnja sa Kancelarijom Visokog komesara OEBS-a za nacionalno manjine \u0107e se ja\u010dati u cilju postizanja najvi\u0161ih evropskih standarda u ovoj oblasti poru\u010deno je sa sastanka ministra Fatmira \u0110eke i Visokog komesara Kristofa Kampa.<\/p>","protected":false},"author":1,"featured_media":875011,"comment_status":"open","ping_status":"open","sticky":false,"template":"","format":"standard","meta":{"_acf_changed":false,"footnotes":"","jetpack_publicize_message":"","jetpack_publicize_feature_enabled":true,"jetpack_social_post_already_shared":false,"jetpack_social_options":{"image_generator_settings":{"template":"highway","default_image_id":0,"font":"","enabled":false},"version":2}},"categories":[7],"tags":[1046,12953],"naslovna":[],"class_list":["post-875009","post","type-post","status-publish","format-standard","has-post-thumbnail","hentry","category-politika","tag-fatmir-djeka","tag-ministarstvo-ljudskih-i-manjinskih-prava"],"acf":[],"jetpack_publicize_connections":[],"_links":{"self":[{"href":"https:\/\/gradski.me\/en\/wp-json\/wp\/v2\/posts\/875009","targetHints":{"allow":["GET"]}}],"collection":[{"href":"https:\/\/gradski.me\/en\/wp-json\/wp\/v2\/posts"}],"about":[{"href":"https:\/\/gradski.me\/en\/wp-json\/wp\/v2\/types\/post"}],"author":[{"embeddable":true,"href":"https:\/\/gradski.me\/en\/wp-json\/wp\/v2\/users\/1"}],"replies":[{"embeddable":true,"href":"https:\/\/gradski.me\/en\/wp-json\/wp\/v2\/comments?post=875009"}],"version-history":[{"count":0,"href":"https:\/\/gradski.me\/en\/wp-json\/wp\/v2\/posts\/875009\/revisions"}],"wp:featuredmedia":[{"embeddable":true,"href":"https:\/\/gradski.me\/en\/wp-json\/wp\/v2\/media\/875011"}],"wp:attachment":[{"href":"https:\/\/gradski.me\/en\/wp-json\/wp\/v2\/media?parent=875009"}],"wp:term":[{"taxonomy":"category","embeddable":true,"href":"https:\/\/gradski.me\/en\/wp-json\/wp\/v2\/categories?post=875009"},{"taxonomy":"post_tag","embeddable":true,"href":"https:\/\/gradski.me\/en\/wp-json\/wp\/v2\/tags?post=875009"},{"taxonomy":"naslovna","embeddable":true,"href":"https:\/\/gradski.me\/en\/wp-json\/wp\/v2\/naslovna?post=875009"}],"curies":[{"name":"wp","href":"https:\/\/api.w.org\/{rel}","templated":true}]}}