{"id":874814,"date":"2025-11-20T20:05:00","date_gmt":"2025-11-20T19:05:00","guid":{"rendered":"https:\/\/gradski.me\/?p=874814"},"modified":"2025-11-20T20:05:00","modified_gmt":"2025-11-20T19:05:00","slug":"spajic-vrlo-brzo-cemo-uvesti-vize-za-drzavljane-rusije","status":"publish","type":"post","link":"https:\/\/gradski.me\/en\/politika\/spajic-vrlo-brzo-cemo-uvesti-vize-za-drzavljane-rusije\/","title":{"rendered":"Spaji\u0107: Vrlo brzo \u0107emo uvesti vize za dr\u017eavljane Rusije"},"content":{"rendered":"<p><\/p>\n\n\n\n<p>Crna Gora namjerava da uvede odgovaraju\u0107e mjere \u201eveoma uskoro\u201c, rekao je premijer Milojko Spaji\u0107 u emisiji The Europe Conversation na Euronewsu, nakon prvog Foruma o pro\u0161irenju Evropske komisije u Briselu.<\/p>\n\n\n\n<p>Ranije ovog mjeseca, EU je najavila stro\u017ea vizna pravila za ruske dr\u017eavljane kako bi se pobolj\u0161ala bezbjednost nakon hibridnih dron napada pripisanih Rusiji.<\/p>\n\n\n\n<p>Od sada, ruski dr\u017eavljani vi\u0161e ne\u0107e imati pravo na vize za vi\u0161e ulazaka u EU. Umjesto toga, mo\u0107i \u0107e da dobiju samo jednokratne vize, \u0161to zahtjieva novu aplikaciju za svaku posjetu.<\/p>\n\n\n\n<p>Me\u0111utim, u Crnoj Gori je situacija veoma druga\u010dija: ruski dr\u017eavljani mogu da putuju u zemlju bez vize do 30 dana uz va\u017ee\u0107i paso\u0161, \u0161to dovodi do velikog broja ruskih posjeta.<\/p>\n\n\n\n<p>Spaji\u0107 je istakao da Crna Gora u potpunosti prati Zajedni\u010dku spoljnu i bezbjednosnu politiku EU (CFSP) \u2014 klju\u010dni uslov za \u010dlanstvo u EU \u2014 uklju\u010duju\u0107i i u ovom pitanju.<\/p>\n\n\n\n<p>CFSP je okvir EU za koordinaciju spoljne politike i bezbjednosnih aktivnosti, koji uklju\u010duje sankcije EU protiv Rusije.<\/p>\n\n\n\n<p>\u201e\u010cak i prije nego \u0161to imamo status i benefite \u010dlanstva, pona\u0161amo se kao dr\u017eava \u010dlanica\u201c, rekao je crnogorski premijer.<\/p>\n\n\n\n<p>O\u010dekuje se da Crna Gora prilagodi svoju viznu politiku onoj EU kako bi se pridru\u017eila bloku od 27 \u010dlanica.<\/p>\n\n\n\n<p>Zemlja je tako\u0111e ukinula bezvizne re\u017eime za dr\u017eavljane Jermenije, Uzbekistana, Kuvajta i Egipta u oktobru, kako bi se uskladila sa politikom EU.<\/p>\n\n\n\n<p><strong>\u201eMoramo da dodamo vrijednost\u201c<\/strong><\/p>\n\n\n\n<p>Vlada se nada da \u0107e zemlja postati 28. \u010dlanica EU do 2028. godine. Spaji\u0107 je priznao da je postignut brz napredak, ali da se mo\u017ee u\u010diniti jo\u0161 vi\u0161e.<\/p>\n\n\n\n<p>\u201ePotrebno je da svih 27 dr\u017eava \u010dlanica osjete i istinski veruju da je u njihovom nacionalnom interesu da vide Crnu Goru kao dio EU. Moramo da ih u to ubijedimo. Ne smijemo da se opu\u0161tamo\u201c, rekao je Spaji\u0107.<\/p>\n\n\n\n<p>Premijer vjeruje da bi se Crna Gora sada trebalo fokusirati na izgradnju i ja\u010danje odnosa sa drugim dr\u017eavama \u010dlanicama.<\/p>\n\n\n\n<p>\u201ePostoje dr\u017eave \u010dlanice koje su malo konzervativnije prema pro\u0161irenju kao konceptu. Zato moramo veoma naporno da radimo sa tim zemljama\u201d, kazao je.<\/p>\n\n\n\n<p>Na ovom mjestu, Spaji\u0107 je naglasio zna\u010daj vladavine prava: \u201eZemlje Balkana tradicionalno su bile fokus u pogledu ovog aspekta.\u201c<\/p>\n\n\n\n<p>Dodao je da je Crna Gora sprovela reforme na ovom polju, \u0161to dokazuje zatvaranje poglavlja pet o javnim nabavkama. Ovo se odnosi na skup zakona i propisa EU koje zemlje kandidati moraju da usvoje prije nego \u0161to mogu postati \u010dlanice.<\/p>\n\n\n\n<p>\u201eOpet, moramo uraditi mnogo vi\u0161e. Moramo pokazati da radimo odli\u010dan posao kada je rije\u010d o vladavini prava, istakao je on.<\/p>\n\n\n\n<p>Generalno, sa tehni\u010dke strane, Spaji\u0107 je rekao da Crna Gora treba da obavi svoj dio zadataka i bude spremna za pristupanje.<\/p>\n\n\n\n<p>\u201eTo je u na\u0161em interesu, u interesu cijele unije, jer o\u010digledno, kada se pridru\u017eimo EU, \u017eelimo da dodamo vrijednost. Ne \u017eelimo da oduzimamo vrijednost\u201d, kazao je Spaji\u0107.<\/p>","protected":false},"excerpt":{"rendered":"<p>Crna Gora \u0107e poo\u0161triti vizna pravila za ruske dr\u017eavljane kako bi bila uskla\u0111ena sa politikom EU, kojoj se ova zemlja Zapadnog Balkana nada pridru\u017eiti do 2028. godine, kazao je crnogorski premijer\u00a0Milojko Spaji\u0107\u00a0za Euronews.<\/p>","protected":false},"author":1,"featured_media":676949,"comment_status":"open","ping_status":"open","sticky":false,"template":"","format":"standard","meta":{"_acf_changed":false,"footnotes":"","jetpack_publicize_message":"","jetpack_publicize_feature_enabled":true,"jetpack_social_post_already_shared":false,"jetpack_social_options":{"image_generator_settings":{"template":"highway","default_image_id":0,"font":"","enabled":false},"version":2}},"categories":[7],"tags":[794,18,10941],"naslovna":[],"class_list":["post-874814","post","type-post","status-publish","format-standard","has-post-thumbnail","hentry","category-politika","tag-milojko-spajic","tag-rusija","tag-vize"],"acf":[],"jetpack_publicize_connections":[],"_links":{"self":[{"href":"https:\/\/gradski.me\/en\/wp-json\/wp\/v2\/posts\/874814","targetHints":{"allow":["GET"]}}],"collection":[{"href":"https:\/\/gradski.me\/en\/wp-json\/wp\/v2\/posts"}],"about":[{"href":"https:\/\/gradski.me\/en\/wp-json\/wp\/v2\/types\/post"}],"author":[{"embeddable":true,"href":"https:\/\/gradski.me\/en\/wp-json\/wp\/v2\/users\/1"}],"replies":[{"embeddable":true,"href":"https:\/\/gradski.me\/en\/wp-json\/wp\/v2\/comments?post=874814"}],"version-history":[{"count":0,"href":"https:\/\/gradski.me\/en\/wp-json\/wp\/v2\/posts\/874814\/revisions"}],"wp:featuredmedia":[{"embeddable":true,"href":"https:\/\/gradski.me\/en\/wp-json\/wp\/v2\/media\/676949"}],"wp:attachment":[{"href":"https:\/\/gradski.me\/en\/wp-json\/wp\/v2\/media?parent=874814"}],"wp:term":[{"taxonomy":"category","embeddable":true,"href":"https:\/\/gradski.me\/en\/wp-json\/wp\/v2\/categories?post=874814"},{"taxonomy":"post_tag","embeddable":true,"href":"https:\/\/gradski.me\/en\/wp-json\/wp\/v2\/tags?post=874814"},{"taxonomy":"naslovna","embeddable":true,"href":"https:\/\/gradski.me\/en\/wp-json\/wp\/v2\/naslovna?post=874814"}],"curies":[{"name":"wp","href":"https:\/\/api.w.org\/{rel}","templated":true}]}}