{"id":874423,"date":"2025-11-20T13:28:00","date_gmt":"2025-11-20T12:28:00","guid":{"rendered":"https:\/\/gradski.me\/?p=874423"},"modified":"2025-11-20T13:28:00","modified_gmt":"2025-11-20T12:28:00","slug":"pljevlja-pokazala-veliko-srce-prikupljeno-gotovo-45-000-eura-za-lijecenje-miljana-anicica","status":"publish","type":"post","link":"https:\/\/gradski.me\/en\/drustvo\/pljevlja-pokazala-veliko-srce-prikupljeno-gotovo-45-000-eura-za-lijecenje-miljana-anicica\/","title":{"rendered":"Pljevlja pokazala veliko srce: Prikupljeno gotovo 45.000 eura za lije\u010denje Miljana Ani\u010di\u0107a"},"content":{"rendered":"<p><\/p>\n\n\n\n<p>Skoro 45.000 eura je prikupljeno na humanitarnom turniru u malom fudbalu, koji je Fudbalski klub Breznica organizovao da pomogne u lije\u010denju trenera Miljana Ani\u010di\u0107a.<\/p>\n\n\n\n<p>Ani\u010di\u0107 je nekada\u0161nji trener fudbalerki Breznice, suo\u010dava se sa ozbiljnom bole\u0161\u0107u zbog koje mora da lije\u010denje nastavi u Turskoj.<\/p>\n\n\n\n<p>Na turniru je prijavljeno \u010dak 226 ekipa, nastupilo ih je vi\u0161e od 20 \u2013 u\u010de\u0161\u0107e su uzeli svi sportski klubovi iz Pljevalja, kao i brojni Pljevljaci iz dijaspore, koji su \u017eeljeli da daju svoj doprinos.<\/p>\n\n\n\n<p>Manifestaciju su podr\u017eale i dvije najve\u0107e vjerske zajednice u Pljevljima.<\/p>\n\n\n\n<p>Na turniru su, osim doma\u0107ih timova, u\u010destvovale i ekipe sa \u017dabljaka, iz Bijelog Polja, Mojkovca, Prijepolja\u2026<\/p>\n\n\n\n<p>Slavio je tim Kafe bar Princip, koji je na penale savladao Kafe Amadeus, dok je 3. mjesto pripalo veteranima FK Breznica.<\/p>","protected":false},"excerpt":{"rendered":"<p>Skoro 45.000 eura je prikupljeno na humanitarnom turniru u malom fudbalu, koji je Fudbalski klub Breznica organizovao da pomogne u lije\u010denju trenera Miljana Ani\u010di\u0107a. Ani\u010di\u0107 je nekada\u0161nji trener fudbalerki Breznice, suo\u010dava se sa ozbiljnom bole\u0161\u0107u zbog koje mora da lije\u010denje nastavi u Turskoj. Na turniru je prijavljeno \u010dak 226 ekipa, nastupilo ih je vi\u0161e od [&hellip;]<\/p>\n","protected":false},"author":1,"featured_media":874424,"comment_status":"open","ping_status":"open","sticky":false,"template":"","format":"standard","meta":{"_acf_changed":false,"footnotes":"","jetpack_publicize_message":"","jetpack_publicize_feature_enabled":true,"jetpack_social_post_already_shared":false,"jetpack_social_options":{"image_generator_settings":{"template":"highway","default_image_id":0,"font":"","enabled":false},"version":2}},"categories":[9],"tags":[12854,4856,2346,1273],"naslovna":[],"class_list":["post-874423","post","type-post","status-publish","format-standard","has-post-thumbnail","hentry","category-drustvo","tag-anicic","tag-humanost","tag-pljevlja","tag-podrska"],"acf":[],"jetpack_publicize_connections":[],"_links":{"self":[{"href":"https:\/\/gradski.me\/en\/wp-json\/wp\/v2\/posts\/874423","targetHints":{"allow":["GET"]}}],"collection":[{"href":"https:\/\/gradski.me\/en\/wp-json\/wp\/v2\/posts"}],"about":[{"href":"https:\/\/gradski.me\/en\/wp-json\/wp\/v2\/types\/post"}],"author":[{"embeddable":true,"href":"https:\/\/gradski.me\/en\/wp-json\/wp\/v2\/users\/1"}],"replies":[{"embeddable":true,"href":"https:\/\/gradski.me\/en\/wp-json\/wp\/v2\/comments?post=874423"}],"version-history":[{"count":0,"href":"https:\/\/gradski.me\/en\/wp-json\/wp\/v2\/posts\/874423\/revisions"}],"wp:featuredmedia":[{"embeddable":true,"href":"https:\/\/gradski.me\/en\/wp-json\/wp\/v2\/media\/874424"}],"wp:attachment":[{"href":"https:\/\/gradski.me\/en\/wp-json\/wp\/v2\/media?parent=874423"}],"wp:term":[{"taxonomy":"category","embeddable":true,"href":"https:\/\/gradski.me\/en\/wp-json\/wp\/v2\/categories?post=874423"},{"taxonomy":"post_tag","embeddable":true,"href":"https:\/\/gradski.me\/en\/wp-json\/wp\/v2\/tags?post=874423"},{"taxonomy":"naslovna","embeddable":true,"href":"https:\/\/gradski.me\/en\/wp-json\/wp\/v2\/naslovna?post=874423"}],"curies":[{"name":"wp","href":"https:\/\/api.w.org\/{rel}","templated":true}]}}