{"id":873961,"date":"2025-11-19T21:48:00","date_gmt":"2025-11-19T20:48:00","guid":{"rendered":"https:\/\/gradski.me\/?p=873961"},"modified":"2025-11-19T21:48:00","modified_gmt":"2025-11-19T20:48:00","slug":"nasukao-se-trajekt-s-267-putnika-i-clanova-posade-u-toku-je-akcija-spasavanja","status":"publish","type":"post","link":"https:\/\/gradski.me\/en\/svijet\/nasukao-se-trajekt-s-267-putnika-i-clanova-posade-u-toku-je-akcija-spasavanja\/","title":{"rendered":"Nasukao se trajekt s 267 putnika i \u010dlanova posade, u toku je akcija spa\u0161avanja"},"content":{"rendered":"<p>Ju\u017enokorejski trajekt s 267 putnika i \u010dlanova posade nasukao se danas u jugozapadnom dijelu Korejskog poluostrva, saop\u0161tila je obalna stra\u017ea.<\/p>\n\n\n\n<p>Vlasti raspore\u0111uju sve dostupne resurse i provode operaciju spa\u0161avanja, kazala je obalna stra\u017ea u saop\u0161tenju. Vjeruje da za sad nema \u017ertava te da voda ne ulazi u brod, prenose agencije.<\/p>\n\n\n\n<p>Trajekt te\u017eak 26.000 tona putovao je od ostrvaa Jejua do grada Mokpa, prema obalnoj stra\u017ei.<\/p>\n\n\n\n<p>Rukovodilac obalne stra\u017ee rekao je da je trajekt udario u hrid blizu ostrva Jinda.<\/p>\n\n\n\n<p>Rije\u010d je o podru\u010dju blizu mjesta na kojem je 2014. potopljen trajekt Sewol u nesre\u0107i u kojoj je poginulo vi\u0161e od 300 ljudi, ve\u0107inom u\u010denika na izletu.<\/p>","protected":false},"excerpt":{"rendered":"<p>Obalna stra\u017ea vjeruje da za sad nema \u017ertava te da voda ne ulazi u brod, prenose agencije.<\/p>","protected":false},"author":1,"featured_media":873965,"comment_status":"open","ping_status":"open","sticky":false,"template":"","format":"standard","meta":{"_acf_changed":false,"footnotes":"","jetpack_publicize_message":"","jetpack_publicize_feature_enabled":true,"jetpack_social_post_already_shared":false,"jetpack_social_options":{"image_generator_settings":{"template":"highway","default_image_id":0,"font":"","enabled":false},"version":2}},"categories":[14],"tags":[3795,837],"naslovna":[],"class_list":["post-873961","post","type-post","status-publish","format-standard","has-post-thumbnail","hentry","category-svijet","tag-juzna-koreja","tag-trajekt"],"acf":[],"jetpack_publicize_connections":[],"_links":{"self":[{"href":"https:\/\/gradski.me\/en\/wp-json\/wp\/v2\/posts\/873961","targetHints":{"allow":["GET"]}}],"collection":[{"href":"https:\/\/gradski.me\/en\/wp-json\/wp\/v2\/posts"}],"about":[{"href":"https:\/\/gradski.me\/en\/wp-json\/wp\/v2\/types\/post"}],"author":[{"embeddable":true,"href":"https:\/\/gradski.me\/en\/wp-json\/wp\/v2\/users\/1"}],"replies":[{"embeddable":true,"href":"https:\/\/gradski.me\/en\/wp-json\/wp\/v2\/comments?post=873961"}],"version-history":[{"count":0,"href":"https:\/\/gradski.me\/en\/wp-json\/wp\/v2\/posts\/873961\/revisions"}],"wp:featuredmedia":[{"embeddable":true,"href":"https:\/\/gradski.me\/en\/wp-json\/wp\/v2\/media\/873965"}],"wp:attachment":[{"href":"https:\/\/gradski.me\/en\/wp-json\/wp\/v2\/media?parent=873961"}],"wp:term":[{"taxonomy":"category","embeddable":true,"href":"https:\/\/gradski.me\/en\/wp-json\/wp\/v2\/categories?post=873961"},{"taxonomy":"post_tag","embeddable":true,"href":"https:\/\/gradski.me\/en\/wp-json\/wp\/v2\/tags?post=873961"},{"taxonomy":"naslovna","embeddable":true,"href":"https:\/\/gradski.me\/en\/wp-json\/wp\/v2\/naslovna?post=873961"}],"curies":[{"name":"wp","href":"https:\/\/api.w.org\/{rel}","templated":true}]}}