{"id":873695,"date":"2025-11-19T12:56:00","date_gmt":"2025-11-19T11:56:00","guid":{"rendered":"https:\/\/gradski.me\/?p=873695"},"modified":"2025-11-19T12:56:00","modified_gmt":"2025-11-19T11:56:00","slug":"obilne-padavine-izazvale-plavljenje-pojedinih-naselja-u-budvi","status":"publish","type":"post","link":"https:\/\/gradski.me\/en\/drustvo\/obilne-padavine-izazvale-plavljenje-pojedinih-naselja-u-budvi\/","title":{"rendered":"Voda zarobila vozila u Budvi, obilne padavine potopile naselja"},"content":{"rendered":"<p><\/p>\n\n\n\n<p>Kako prenosi RTV Budva, tri ekipe Slu\u017ebe za\u0161tite i spa\u0161avanja hitno su mobilisane na terenu.<\/p>\n\n\n\n<p>Prema informacijama dobijenim iz Slu\u017ebe za\u0161tite i spa\u0161avanja, brojna naselja su u problemu sa plavljenjem. Klju\u010dni problem koji dovodi do izlivanja i plavljenja ulica jeste\u00a0za\u010depljenost kanala za odvod atmosferskih voda, \u0161to sprje\u010dava oticanje velike koli\u010dine padavina.<\/p>\n\n\n\n<figure class=\"wp-block-image size-full\"><img decoding=\"async\" src=\"https:\/\/new.gradski.me\/wp-content\/uploads\/2025\/11\/budva-poplave-2-foto-oci-podgorice.jpg\" alt=\"\" class=\"wp-image-873698\" title=\"\"><figcaption class=\"wp-element-caption\"><strong><em>Foto: FB\/O\u010di Podgorice<\/em><\/strong><\/figcaption><\/figure>\n\n\n\n<p>Jedan od kriti\u010dnih slu\u010dajeva prijavljen je u naselju Lazi, gdje je do\u0161lo do plavljenja stanova.<\/p>\n\n\n\n<p>Velika koli\u010dina ki\u0161e ote\u017eala je normalno odvijanje saobra\u0107aja u pojedinim djelovima Budve.<\/p>\n\n\n\n<figure class=\"wp-block-image size-full is-resized\"><img decoding=\"async\" src=\"https:\/\/new.gradski.me\/wp-content\/uploads\/2025\/11\/poplave-budva-foto-rtv-budva.jpg\" alt=\"\" class=\"wp-image-873701\" style=\"width:800px;height:auto\" title=\"\"><figcaption class=\"wp-element-caption\"><strong><em>Foto: RTV Budva<\/em><\/strong><\/figcaption><\/figure>","protected":false},"excerpt":{"rendered":"<p>Obilne padavine koje su jutros zadesile op\u0161tinu Budva izazvale su masovna plavljenja ulica i ugro\u017eavanje naselja.<\/p>","protected":false},"author":1,"featured_media":873697,"comment_status":"open","ping_status":"open","sticky":false,"template":"","format":"standard","meta":{"_acf_changed":false,"footnotes":"","jetpack_publicize_message":"","jetpack_publicize_feature_enabled":true,"jetpack_social_post_already_shared":false,"jetpack_social_options":{"image_generator_settings":{"template":"highway","default_image_id":0,"font":"","enabled":false},"version":2}},"categories":[9],"tags":[925,12761,2087],"naslovna":[],"class_list":["post-873695","post","type-post","status-publish","format-standard","has-post-thumbnail","hentry","category-drustvo","tag-budva","tag-padavine","tag-poplave"],"acf":[],"jetpack_publicize_connections":[],"_links":{"self":[{"href":"https:\/\/gradski.me\/en\/wp-json\/wp\/v2\/posts\/873695","targetHints":{"allow":["GET"]}}],"collection":[{"href":"https:\/\/gradski.me\/en\/wp-json\/wp\/v2\/posts"}],"about":[{"href":"https:\/\/gradski.me\/en\/wp-json\/wp\/v2\/types\/post"}],"author":[{"embeddable":true,"href":"https:\/\/gradski.me\/en\/wp-json\/wp\/v2\/users\/1"}],"replies":[{"embeddable":true,"href":"https:\/\/gradski.me\/en\/wp-json\/wp\/v2\/comments?post=873695"}],"version-history":[{"count":0,"href":"https:\/\/gradski.me\/en\/wp-json\/wp\/v2\/posts\/873695\/revisions"}],"wp:featuredmedia":[{"embeddable":true,"href":"https:\/\/gradski.me\/en\/wp-json\/wp\/v2\/media\/873697"}],"wp:attachment":[{"href":"https:\/\/gradski.me\/en\/wp-json\/wp\/v2\/media?parent=873695"}],"wp:term":[{"taxonomy":"category","embeddable":true,"href":"https:\/\/gradski.me\/en\/wp-json\/wp\/v2\/categories?post=873695"},{"taxonomy":"post_tag","embeddable":true,"href":"https:\/\/gradski.me\/en\/wp-json\/wp\/v2\/tags?post=873695"},{"taxonomy":"naslovna","embeddable":true,"href":"https:\/\/gradski.me\/en\/wp-json\/wp\/v2\/naslovna?post=873695"}],"curies":[{"name":"wp","href":"https:\/\/api.w.org\/{rel}","templated":true}]}}