{"id":873002,"date":"2025-11-18T13:10:59","date_gmt":"2025-11-18T12:10:59","guid":{"rendered":"https:\/\/gradski.me\/?p=873002"},"modified":"2025-11-18T13:10:59","modified_gmt":"2025-11-18T12:10:59","slug":"lgbt-forum-progres-podnio-prituzbu-fifa-i-zbog-govora-mrznje-na-utakmici-crna-gora-hrvatska","status":"publish","type":"post","link":"https:\/\/gradski.me\/en\/drustvo\/lgbt-forum-progres-podnio-prituzbu-fifa-i-zbog-govora-mrznje-na-utakmici-crna-gora-hrvatska\/","title":{"rendered":"LGBT Forum Progres podnio pritu\u017ebu FIFA-i zbog govora mr\u017enje na utakmici Crna Gora \u2013 Hrvatska"},"content":{"rendered":"<p><\/p>\n\n\n\n<p><\/p>\n\n\n\n<p><\/p>\n\n\n\n<p>\u201cTokom na\u0161e redovne monitoring aktivnosti govora mr\u017enje u javnom prostoru i na dru\u0161tvenim mre\u017eama, identifikovali smo i dokumentovali slu\u010dajeve uzvikivanja nacisti\u010dkih parola i poziva na nasilje, uklju\u010duju\u0107i i skandiranje \u2018Ubi Srbina\u2019 od strane navija\u010da hrvatske reprezentacije\u201c, navodi se u saop\u0161tenju.&nbsp;<\/p>\n\n\n\n<p>U pritu\u017ebi upu\u0107enoj FIFA-i zatra\u017eeno je pokretanje postupka u skladu sa Disciplinskim kodeksom ove organizacije, uz napomenu da gra\u0111ani srpske nacionalnosti \u010dine 33 odsto stanovni\u0161tva Crne Gore i da ovakvi incidenti predstavljaju ozbiljan oblik diskriminacije i ugro\u017eavanja bezbjednosti i dostojanstva.<\/p>\n\n\n\n<p>LGBT Forum Progres poru\u010duje da \u0107e nastaviti da preduzima sve dostupne pravne i institucionalne korake kako bi se ovakvi oblici mr\u017enje sankcionisali i kako bi javni prostor bio u\u010dinjen sigurnim za sve gra\u0111ane i gra\u0111anke.<\/p>","protected":false},"excerpt":{"rendered":"<p>LGBT Forum Progres obavjestio je javnost da je danas zvani\u010dno uputio pritu\u017ebu FIFA Disciplinarnom komitetu zbog, kako poru\u010duju, incidenata govora mr\u017enje i ekstremisti\u010dkih povika zabilje\u017eenih tokom sino\u0107nje utakmice izme\u0111u Crne Gore i Hrvatske, odigrane sino\u0107.<\/p>","protected":false},"author":1,"featured_media":727959,"comment_status":"open","ping_status":"open","sticky":false,"template":"","format":"standard","meta":{"_acf_changed":false,"footnotes":"","jetpack_publicize_message":"","jetpack_publicize_feature_enabled":true,"jetpack_social_post_already_shared":false,"jetpack_social_options":{"image_generator_settings":{"template":"highway","default_image_id":0,"font":"","enabled":false},"version":2}},"categories":[9],"tags":[6252,378],"naslovna":[],"class_list":["post-873002","post","type-post","status-publish","format-standard","has-post-thumbnail","hentry","category-drustvo","tag-govor-mrznje","tag-prijava"],"acf":[],"jetpack_publicize_connections":[],"_links":{"self":[{"href":"https:\/\/gradski.me\/en\/wp-json\/wp\/v2\/posts\/873002","targetHints":{"allow":["GET"]}}],"collection":[{"href":"https:\/\/gradski.me\/en\/wp-json\/wp\/v2\/posts"}],"about":[{"href":"https:\/\/gradski.me\/en\/wp-json\/wp\/v2\/types\/post"}],"author":[{"embeddable":true,"href":"https:\/\/gradski.me\/en\/wp-json\/wp\/v2\/users\/1"}],"replies":[{"embeddable":true,"href":"https:\/\/gradski.me\/en\/wp-json\/wp\/v2\/comments?post=873002"}],"version-history":[{"count":0,"href":"https:\/\/gradski.me\/en\/wp-json\/wp\/v2\/posts\/873002\/revisions"}],"wp:featuredmedia":[{"embeddable":true,"href":"https:\/\/gradski.me\/en\/wp-json\/wp\/v2\/media\/727959"}],"wp:attachment":[{"href":"https:\/\/gradski.me\/en\/wp-json\/wp\/v2\/media?parent=873002"}],"wp:term":[{"taxonomy":"category","embeddable":true,"href":"https:\/\/gradski.me\/en\/wp-json\/wp\/v2\/categories?post=873002"},{"taxonomy":"post_tag","embeddable":true,"href":"https:\/\/gradski.me\/en\/wp-json\/wp\/v2\/tags?post=873002"},{"taxonomy":"naslovna","embeddable":true,"href":"https:\/\/gradski.me\/en\/wp-json\/wp\/v2\/naslovna?post=873002"}],"curies":[{"name":"wp","href":"https:\/\/api.w.org\/{rel}","templated":true}]}}