{"id":872800,"date":"2025-11-18T07:42:25","date_gmt":"2025-11-18T06:42:25","guid":{"rendered":"https:\/\/gradski.me\/?p=872800"},"modified":"2026-03-03T16:36:06","modified_gmt":"2026-03-03T15:36:06","slug":"vise-tuzilastvo-pokrenulo-postupak-zbog-govora-mrznje-nakon-protesta-ispred-vlade","status":"publish","type":"post","link":"https:\/\/gradski.me\/en\/hronika\/vise-tuzilastvo-pokrenulo-postupak-zbog-govora-mrznje-nakon-protesta-ispred-vlade\/","title":{"rendered":"The prosecutor's office has opened a case for hate speech after a protest in front of the government"},"content":{"rendered":"<p>&#8222;Vi\u0161e dr\u017eavno tu\u017eila\u0161tvo u Podgorici je povodom objava sa sadr\u017eajem govora mr\u017enje zasnovanom na netoleranciji izra\u017eenoj u formi nacionalizma i diskriminacije, iznijetih dana 28.10.2025. godine na skupu odr\u017eanom ispred zgrade Vlade Crne Gore, a povodom doga\u0111aja od 26.10.2025. godine na Zabjelu, kada je jedno lice zadobilo povrede, protiv lica G.M., podnijelo zahtjev za pokretanje prekr\u0161ajnog postupka, Sudu za prekr\u0161aje Podgorica, budu\u0107i da je isti izvr\u0161io prekr\u0161aj iz Zakona o zabrani diskriminacije&#8220;, stoji u saop\u0161tenju.<\/p>\n\n\n\n<p>Podsje\u0107amo, kraje oktobra je odr\u017ean protest ispred Vlade Crne Gore nakon ranjavanja Podgori\u010danina M.J na Zabjelu.<\/p>\n\n\n\n<p>\u201eSvim korisnicima koji prenose ili preuzimaju objavljenu informaciju o predmetima u kojima su lica prijavljena, osumnji\u010dena, okrivljena ili optu\u017eena za krivi\u010dna djela ukazuje se na pretpostavku nevinosti predvi\u0111enu Ustavom Crne Gore i Zakonikom o krivi\u010dnom postupku, koja podrazumijeva da se svako smatra nevinim dok se njegova krivica ne utvrdi pravosna\u017enom odlukom suda\u201d, stoji u saop\u0161tenju.<\/p>","protected":false},"excerpt":{"rendered":"<p>Vi\u0161e dr\u017eavno tu\u017eila\u0161tvo u Podgorici pokrenulo je prekr\u0161ajni postupak protiv lica G.M zbog, kako navode, govora mr\u017eenje nako protesta ispred Vlade. Protesti su se odr\u017eali nakon ranjavanja Podgori\u010danina M.J na Zabjelu.<\/p>","protected":false},"author":1,"featured_media":872801,"comment_status":"open","ping_status":"open","sticky":false,"template":"","format":"standard","meta":{"_acf_changed":false,"footnotes":"","jetpack_publicize_message":"","jetpack_publicize_feature_enabled":true,"jetpack_social_post_already_shared":false,"jetpack_social_options":{"image_generator_settings":{"template":"highway","default_image_id":0,"font":"","enabled":false},"version":2}},"categories":[10],"tags":[6252,779,1830,1051],"naslovna":[],"class_list":["post-872800","post","type-post","status-publish","format-standard","has-post-thumbnail","hentry","category-hronika","tag-govor-mrznje","tag-postupak","tag-protesti","tag-vise-drzavno-tuzilastvo-2"],"acf":[],"jetpack_publicize_connections":[],"_links":{"self":[{"href":"https:\/\/gradski.me\/en\/wp-json\/wp\/v2\/posts\/872800","targetHints":{"allow":["GET"]}}],"collection":[{"href":"https:\/\/gradski.me\/en\/wp-json\/wp\/v2\/posts"}],"about":[{"href":"https:\/\/gradski.me\/en\/wp-json\/wp\/v2\/types\/post"}],"author":[{"embeddable":true,"href":"https:\/\/gradski.me\/en\/wp-json\/wp\/v2\/users\/1"}],"replies":[{"embeddable":true,"href":"https:\/\/gradski.me\/en\/wp-json\/wp\/v2\/comments?post=872800"}],"version-history":[{"count":1,"href":"https:\/\/gradski.me\/en\/wp-json\/wp\/v2\/posts\/872800\/revisions"}],"predecessor-version":[{"id":913230,"href":"https:\/\/gradski.me\/en\/wp-json\/wp\/v2\/posts\/872800\/revisions\/913230"}],"wp:featuredmedia":[{"embeddable":true,"href":"https:\/\/gradski.me\/en\/wp-json\/wp\/v2\/media\/872801"}],"wp:attachment":[{"href":"https:\/\/gradski.me\/en\/wp-json\/wp\/v2\/media?parent=872800"}],"wp:term":[{"taxonomy":"category","embeddable":true,"href":"https:\/\/gradski.me\/en\/wp-json\/wp\/v2\/categories?post=872800"},{"taxonomy":"post_tag","embeddable":true,"href":"https:\/\/gradski.me\/en\/wp-json\/wp\/v2\/tags?post=872800"},{"taxonomy":"naslovna","embeddable":true,"href":"https:\/\/gradski.me\/en\/wp-json\/wp\/v2\/naslovna?post=872800"}],"curies":[{"name":"wp","href":"https:\/\/api.w.org\/{rel}","templated":true}]}}