{"id":872410,"date":"2025-11-18T07:15:00","date_gmt":"2025-11-18T06:15:00","guid":{"rendered":"https:\/\/gradski.me\/?p=872410"},"modified":"2026-03-03T10:37:39","modified_gmt":"2026-03-03T09:37:39","slug":"video-djurisic-u-toku-zakljucivanje-ugovora-za-rekonstrukciju-bokeske-ulice-i-priprema-tendera-za-nastavak-vucedolske-ulice","status":"publish","type":"post","link":"https:\/\/gradski.me\/en\/podgorica\/video-djurisic-u-toku-zakljucivanje-ugovora-za-rekonstrukciju-bokeske-ulice-i-priprema-tendera-za-nastavak-vucedolske-ulice\/","title":{"rendered":"(VIDEO) \u0110uri\u0161i\u0107: in the process of concluding the contract for the reconstruction of Boke\u0161ka Street and preparing the tender for the continuation of Vu\u010dedolska Street"},"content":{"rendered":"<p>Agencija za izgradnju i razvoj Podgorice i u narednom periodu bi\u0107e posve\u0107ena ure\u0111enju centralnih gradskih ulica, poru\u010duju iz tog resora.<\/p>\n\n\n\n<p>&#8222;Zavr\u0161etak radova na dijelu Ulice slobode, u toku je zaklju\u010divanje ugovora za rekonstrukciju dijela Boke\u0161ke, u toku je priprema tendera za objavljivanje Javnog poziva za odabir izvo\u0111a\u010da radova za nastavak dijela Vu\u010dedolske ulice od Njego\u0161eve do Ulice slobode&#8220;, isti\u010de Milica \u0110uri\u0161i\u0107 iz Agencije za izgradnju i razvoj.<\/p>\n\n\n\n<p>Vu\u010dedolska ulica je, podsje\u0107a \u0110uri\u0161i\u0107, na potezu od Crnogorskog narodnog pozori\u0161ta do ukr\u0161tanja sa Njego\u0161evom, pu\u0161tena u saobra\u0107aj nakon rekonstrukcije koja je kasnila zbog ki\u0161a i problema sa katastrom instalacija.<\/p>\n\n\n\n<p>&#8222;Uz saobra\u0107ajnicu, postavljen je urbani mobilijar, zasa\u0111eno je oko 12 novih stabala i zamijenjena je postoje\u0107a \u010desma na ukr\u0161anju sa Bulevarom Stanka Dragojevi\u0107a&#8220;, zaklju\u010duje.<\/p>\n\n\n\n<p>Vu\u010dedolska je i nakon rekonstrukcije jednosmjerna, a od petka gra\u0111anima je na raspolaganju i dvadeset parking mjesta u toj ulici, poru\u010dila je \u0110uri\u0161i\u0107.<\/p>\n\n\n\n<figure class=\"wp-block-embed is-type-video is-provider-youtube wp-block-embed-youtube wp-embed-aspect-16-9 wp-has-aspect-ratio\"><div class=\"wp-block-embed__wrapper\">\n<iframe title=\"U toku zaklju\u010divanje ugovora za rekonstrukciju Boke\u0161ke i priprema tendera za nastavak Vu\u010dedolske\" width=\"800\" height=\"450\" src=\"https:\/\/www.youtube.com\/embed\/_QVfWF0mTQk?feature=oembed\" frameborder=\"0\" allow=\"accelerometer; autoplay; clipboard-write; encrypted-media; gyroscope; picture-in-picture; web-share\" referrerpolicy=\"strict-origin-when-cross-origin\" allowfullscreen><\/iframe>\n<\/div><\/figure>","protected":false},"excerpt":{"rendered":"<p>Iz Agencije za izgradnju i razvoj najavljuju brojne projekte koji \u0107e uljep\u0161ati Glavni grad i unaprijediti saobra\u0107aj. Podsje\u0107aju da slijedi nastavak rekonstrukcije Vu\u010dedolske ulice, na potezu od Njego\u0161eve do Ulice slobode.<\/p>","protected":false},"author":1,"featured_media":872429,"comment_status":"open","ping_status":"open","sticky":false,"template":"","format":"standard","meta":{"_acf_changed":false,"footnotes":"","jetpack_publicize_message":"","jetpack_publicize_feature_enabled":true,"jetpack_social_post_already_shared":false,"jetpack_social_options":{"image_generator_settings":{"template":"highway","default_image_id":0,"font":"","enabled":false},"version":2}},"categories":[6],"tags":[4009,12279,28],"naslovna":[],"class_list":["post-872410","post","type-post","status-publish","format-standard","has-post-thumbnail","hentry","category-podgorica","tag-agencija-za-izgradnju-i-razvoj","tag-milica-djurisic","tag-podgorica"],"acf":[],"jetpack_publicize_connections":[],"_links":{"self":[{"href":"https:\/\/gradski.me\/en\/wp-json\/wp\/v2\/posts\/872410","targetHints":{"allow":["GET"]}}],"collection":[{"href":"https:\/\/gradski.me\/en\/wp-json\/wp\/v2\/posts"}],"about":[{"href":"https:\/\/gradski.me\/en\/wp-json\/wp\/v2\/types\/post"}],"author":[{"embeddable":true,"href":"https:\/\/gradski.me\/en\/wp-json\/wp\/v2\/users\/1"}],"replies":[{"embeddable":true,"href":"https:\/\/gradski.me\/en\/wp-json\/wp\/v2\/comments?post=872410"}],"version-history":[{"count":1,"href":"https:\/\/gradski.me\/en\/wp-json\/wp\/v2\/posts\/872410\/revisions"}],"predecessor-version":[{"id":912700,"href":"https:\/\/gradski.me\/en\/wp-json\/wp\/v2\/posts\/872410\/revisions\/912700"}],"wp:featuredmedia":[{"embeddable":true,"href":"https:\/\/gradski.me\/en\/wp-json\/wp\/v2\/media\/872429"}],"wp:attachment":[{"href":"https:\/\/gradski.me\/en\/wp-json\/wp\/v2\/media?parent=872410"}],"wp:term":[{"taxonomy":"category","embeddable":true,"href":"https:\/\/gradski.me\/en\/wp-json\/wp\/v2\/categories?post=872410"},{"taxonomy":"post_tag","embeddable":true,"href":"https:\/\/gradski.me\/en\/wp-json\/wp\/v2\/tags?post=872410"},{"taxonomy":"naslovna","embeddable":true,"href":"https:\/\/gradski.me\/en\/wp-json\/wp\/v2\/naslovna?post=872410"}],"curies":[{"name":"wp","href":"https:\/\/api.w.org\/{rel}","templated":true}]}}