{"id":872020,"date":"2025-11-17T11:46:00","date_gmt":"2025-11-17T10:46:00","guid":{"rendered":"https:\/\/gradski.me\/?p=872020"},"modified":"2025-11-17T11:46:00","modified_gmt":"2025-11-17T10:46:00","slug":"bakic-nedostatak-dva-clana-savjeta-blokira-punu-funkcionalnost-agencije","status":"publish","type":"post","link":"https:\/\/gradski.me\/en\/drustvo\/bakic-nedostatak-dva-clana-savjeta-blokira-punu-funkcionalnost-agencije\/","title":{"rendered":"Baki\u0107: Nedostatak dva \u010dlana Savjeta blokira punu funkcionalnost Agencije"},"content":{"rendered":"<p><\/p>\n\n\n\n<p>Prema njenim rije\u010dima moramo da se suo\u010dimo sa okolno\u0161\u0107u da imamo problem stranog uticaja na medije, nedovoljno efikasan mehanizam samoregulacije i nedovoljno zaokru\u017een zakonski okvir da se Agencija bori sa valom dezinformacija i govorom mr\u017enje.<\/p>\n\n\n\n<p><\/p>\n\n\n\n<p>Navela je da Savjet Agencije ima tri \u010dlana od pet, \u0161to ocjenjuje lo\u0161im jer je zami\u0161ljeno da nadzor vr\u0161e predstavnici javnosti u skladu sa zakonom, kako bi se \u010dula razli\u010dita mi\u0161ljenja.<\/p>\n\n\n\n<p>&#8222;A kad imamo samo tri onda jednoglasno odluke moraju biti done\u0161ene. \u010clanovi koji su u mandatu nekad se tra\u017ee kompromisi, mora se odustati od stavova ili na\u0107i na\u010din da se prevazi\u0111e neka okolnost&#8220;, navela je Baki\u0107.&nbsp;<\/p>\n\n\n\n<p>Podsjetila je da mandat jo\u0161 jednom \u010dlanu Savjeta isti\u010de po\u010detkom 2026. godine.<\/p>\n\n\n\n<p>&#8222;Tu smo u procesu izmjene cjelokupnog Savjeta. Skoro smo raspisali konkurs za tri \u010dlana i nadam se da \u0107e biti izabrani. Nije dobro da nemamo sve \u010dlanove Savjeta&#8220;, upozorava Baki\u0107.&nbsp;<\/p>\n\n\n\n<p>Baki\u0107 je ukazala da cilj nije samo dono\u0161enje zakonske regulative u skladu sa EU standardima, ve\u0107 i njena primjena.<\/p>\n\n\n\n<p>Govore\u0107i o politi\u010dkim pritiscima, kazala je da su tokom jednog skupa predstavnika razli\u010ditih medija, uprkos jasno vidljivoj polarizaciji, u\u010desnici bili saglasni da politi\u010dki pritisci dolaze od urednika i redakcija, a ne direktno od politi\u010dara ili institucija.<\/p>\n\n\n\n<p>&#8222;Agencija tako nije posmatrana kao neko ko vr\u0161i politi\u010dki pritisak, ali je va\u017ena jer stvara uslove za funkcionisanje medija. Na\u0161e tr\u017ei\u0161te je izazovno i optere\u0107eno problemima&#8220;, isti\u010de Baki\u0107.&nbsp;<\/p>\n\n\n\n<p>Istakla je da je va\u017eno da Agencija bude nezavisna u mjeri u kojoj je to mogu\u0107e.<\/p>\n\n\n\n<p>&#8222;Nezavisnost apsolutna je nemogu\u0107a i u svijetu i kod nas, ali nam trebaju mehanizmi da \u0161tite nezavisnost. Moraju da postoje jasna zakonska utemeljenja koja bi nezavisnost za\u0161titila&#8220;, osto\u010de Baki\u0107.&nbsp;<\/p>\n\n\n\n<p>Govore\u0107i o sprovo\u0111enju medijskih zakona kojima su nadle\u017enosti Agencije pro\u0161irene, navela je da je zakon prenio EU standarde koji se ti\u010du vi\u0161e aspekata funkcionisanja, ali ne predstavlja potpuno zaokru\u017eenu regulatornu cjelinu.<\/p>\n\n\n\n<p>&#8222;Zakon je radio u nekoliko veoma va\u017enih pravaca, da se osna\u017ei polo\u017eaj javnih emitera kada je u pitanju upravljanje i finansiranje. Ali nijesam sa tim previ\u0161e zadovoljna, naro\u010dito kada govorimo o grupi lokalnih javnih emitera, jer je trebalo da budu nezavisni od op\u0161tinske vlasti. Neke uprave nijesu implementirale normu u potpunosti, a to je finansiranje koje je fiksirano zakonom i za koje ne treba da bude uslovljeno&#8220;, poja\u0161najva Baki\u0107.&nbsp;<\/p>\n\n\n\n<p>Ocijenila je da neke op\u0161tine nijesu izmijenile osniva\u010dke akte.<\/p>\n\n\n\n<p>&#8222;To je veliki problem, jer se \u010dini da politi\u010dke strukture jako te\u0161ko mire sa tim da javni emiteri nijesu dr\u017eavni emiteri i ne smije da budu kontrolisani. Samo treba da im se obezbijedi finansiranje i tu prestaje kontrola&#8220;, poru\u010duje Baki\u0107.&nbsp;<\/p>\n\n\n\n<p>Kada je rije\u010d o privatnim medijima, istakla je da se sopstvena produkcija pove\u0107ala i da je zakonom to pobolj\u0161ano.<\/p>\n\n\n\n<p>Odgovaraju\u0107i na pitanje da li mediji ispunjavaju zakonske obaveze prema Agenciji, rekla je da se kr\u0161enja koja se ti\u010du sadr\u017eaja de\u0161avaju u kontinuitetu, ali da Agencija sada ima bolje mehanizme.<\/p>\n\n\n\n<p>&#8222;Imamo mogu\u0107nost izricanja nov\u010dane kazne i ve\u0107 smo to iskoristili vi\u0161e puta i mislim da \u0107e to na du\u017ee staze uroditi plodom. Mo\u017eemo privremeno da uzmemo odobrenje nekom mediju, ali to je krajnji mehanizam. Iskristalisa\u0107e se jako puno stvari u narednom periodu&#8220;, poru\u010duje ona.<\/p>\n\n\n\n<p>Ukazala je na problem vlasni\u0161tva u medijima.<\/p>\n\n\n\n<p>&#8222;Crna Gora mora da se suo\u010di sa okolno\u0161\u0107u da ima problem stranog uticaja, nedovoljno efikasan mehanizam samoregulacije koji ne mo\u017ee na te izazove da odgovori i nedovoljno zaokru\u017een zakonski okvir da se Agencija bori sa valom dezinformacija i govorom mr\u017enje sa kojim moramo da se suo\u010dimo da postoji&#8220;, zaklju\u010duje Baki\u0107.&nbsp;<\/p>","protected":false},"excerpt":{"rendered":"<p>Direktorica Agencije za audiovizuelne medijske usluge Sun\u010dica Baki\u0107 kazala je u gostovanju na Radiju Crne Gore u emisiji &#8222;Link&#8220; da Savjet funkcioni\u0161e sa tri od predvi\u0111enih pet \u010dlanova, \u0161to ote\u017eava rad i dono\u0161enje odluka, te ukazala na potrebu potpunog popunjavanja ovog tijela. <\/p>","protected":false},"author":1,"featured_media":872022,"comment_status":"open","ping_status":"open","sticky":false,"template":"","format":"standard","meta":{"_acf_changed":false,"footnotes":"","jetpack_publicize_message":"","jetpack_publicize_feature_enabled":true,"jetpack_social_post_already_shared":false,"jetpack_social_options":{"image_generator_settings":{"template":"highway","default_image_id":0,"font":"","enabled":false},"version":2}},"categories":[9],"tags":[7024,7725],"naslovna":[],"class_list":["post-872020","post","type-post","status-publish","format-standard","has-post-thumbnail","hentry","category-drustvo","tag-amu-2","tag-suncica-bakic"],"acf":[],"jetpack_publicize_connections":[],"_links":{"self":[{"href":"https:\/\/gradski.me\/en\/wp-json\/wp\/v2\/posts\/872020","targetHints":{"allow":["GET"]}}],"collection":[{"href":"https:\/\/gradski.me\/en\/wp-json\/wp\/v2\/posts"}],"about":[{"href":"https:\/\/gradski.me\/en\/wp-json\/wp\/v2\/types\/post"}],"author":[{"embeddable":true,"href":"https:\/\/gradski.me\/en\/wp-json\/wp\/v2\/users\/1"}],"replies":[{"embeddable":true,"href":"https:\/\/gradski.me\/en\/wp-json\/wp\/v2\/comments?post=872020"}],"version-history":[{"count":0,"href":"https:\/\/gradski.me\/en\/wp-json\/wp\/v2\/posts\/872020\/revisions"}],"wp:featuredmedia":[{"embeddable":true,"href":"https:\/\/gradski.me\/en\/wp-json\/wp\/v2\/media\/872022"}],"wp:attachment":[{"href":"https:\/\/gradski.me\/en\/wp-json\/wp\/v2\/media?parent=872020"}],"wp:term":[{"taxonomy":"category","embeddable":true,"href":"https:\/\/gradski.me\/en\/wp-json\/wp\/v2\/categories?post=872020"},{"taxonomy":"post_tag","embeddable":true,"href":"https:\/\/gradski.me\/en\/wp-json\/wp\/v2\/tags?post=872020"},{"taxonomy":"naslovna","embeddable":true,"href":"https:\/\/gradski.me\/en\/wp-json\/wp\/v2\/naslovna?post=872020"}],"curies":[{"name":"wp","href":"https:\/\/api.w.org\/{rel}","templated":true}]}}