{"id":871917,"date":"2025-11-17T09:23:00","date_gmt":"2025-11-17T08:23:00","guid":{"rendered":"https:\/\/gradski.me\/?p=871917"},"modified":"2025-11-17T09:23:00","modified_gmt":"2025-11-17T08:23:00","slug":"grupa-albanaca-pucala-na-pripadnike-vojske-srbije-kod-baze-debela-glava","status":"publish","type":"post","link":"https:\/\/gradski.me\/en\/region\/grupa-albanaca-pucala-na-pripadnike-vojske-srbije-kod-baze-debela-glava\/","title":{"rendered":"Grupa Albanaca pucala na pripadnike Vojske Srbije kod baze &#8222;Debela glava&#8220;"},"content":{"rendered":"<p>Naoru\u017eana grupa Albanaca u podno\u017eju brda \u0160op ispalila je 15 hitaca u pravcu pripadnika Vojske Srbije i tom prilikom je pogo\u0111en pas koji se nalazio u neposrednoj blizini patrole.<\/p>\n\n\n\n<p>Naoru\u017eana grupa sa \u0161est d\u017eipova pobjegla je u pravcu Kosova i Metohije<\/p>\n\n\n\n<p><\/p>","protected":false},"excerpt":{"rendered":"<p>Oko 15 \u010dasova u rejonu baze &#8222;Debela glava&#8220;, maskirana grupa Albanaca napala je pripadnike Vojske Srbije, nezvani\u010dno saznaje RTS.<\/p>","protected":false},"author":1,"featured_media":871918,"comment_status":"open","ping_status":"open","sticky":false,"template":"","format":"standard","meta":{"_acf_changed":false,"footnotes":"","jetpack_publicize_message":"","jetpack_publicize_feature_enabled":true,"jetpack_social_post_already_shared":false,"jetpack_social_options":{"image_generator_settings":{"template":"highway","default_image_id":0,"font":"","enabled":false},"version":2}},"categories":[13],"tags":[12557,11604,533,2636],"naslovna":[],"class_list":["post-871917","post","type-post","status-publish","format-standard","has-post-thumbnail","hentry","category-region","tag-albanci","tag-pucanje","tag-srbija","tag-vojska"],"acf":[],"jetpack_publicize_connections":[],"_links":{"self":[{"href":"https:\/\/gradski.me\/en\/wp-json\/wp\/v2\/posts\/871917","targetHints":{"allow":["GET"]}}],"collection":[{"href":"https:\/\/gradski.me\/en\/wp-json\/wp\/v2\/posts"}],"about":[{"href":"https:\/\/gradski.me\/en\/wp-json\/wp\/v2\/types\/post"}],"author":[{"embeddable":true,"href":"https:\/\/gradski.me\/en\/wp-json\/wp\/v2\/users\/1"}],"replies":[{"embeddable":true,"href":"https:\/\/gradski.me\/en\/wp-json\/wp\/v2\/comments?post=871917"}],"version-history":[{"count":0,"href":"https:\/\/gradski.me\/en\/wp-json\/wp\/v2\/posts\/871917\/revisions"}],"wp:featuredmedia":[{"embeddable":true,"href":"https:\/\/gradski.me\/en\/wp-json\/wp\/v2\/media\/871918"}],"wp:attachment":[{"href":"https:\/\/gradski.me\/en\/wp-json\/wp\/v2\/media?parent=871917"}],"wp:term":[{"taxonomy":"category","embeddable":true,"href":"https:\/\/gradski.me\/en\/wp-json\/wp\/v2\/categories?post=871917"},{"taxonomy":"post_tag","embeddable":true,"href":"https:\/\/gradski.me\/en\/wp-json\/wp\/v2\/tags?post=871917"},{"taxonomy":"naslovna","embeddable":true,"href":"https:\/\/gradski.me\/en\/wp-json\/wp\/v2\/naslovna?post=871917"}],"curies":[{"name":"wp","href":"https:\/\/api.w.org\/{rel}","templated":true}]}}