{"id":871832,"date":"2025-11-16T19:53:00","date_gmt":"2025-11-16T18:53:00","guid":{"rendered":"https:\/\/gradski.me\/?p=871832"},"modified":"2025-11-16T19:53:00","modified_gmt":"2025-11-16T18:53:00","slug":"buducnost-savladala-partizan-za-istorijski-trijumf","status":"publish","type":"post","link":"https:\/\/gradski.me\/en\/sport\/buducnost-savladala-partizan-za-istorijski-trijumf\/","title":{"rendered":"Budu\u0107nost savladala Partizan za istorijski trijumf"},"content":{"rendered":"<p>U duelu dva tima koja su prije 6. kola bila na nuli bolje su me\u010d otvorili Beogra\u0111ani, poveli 3:1, ali su doma\u0107ini ve\u0107 do 11. minuta golovima&nbsp;<strong>Nikole \u0160trakalja<\/strong>&nbsp;i&nbsp;<strong>Davida Stevovi\u0107a&nbsp;<\/strong>izjedna\u010dili na 5:5. Igralo se zatim prakti\u010dno gol za gol do fini\u0161a tre\u0107e \u010detvrtine i rezultata 12:11 kada su Podgori\u010dani otvorili seriju 4:0 i razrije\u0161ili sve dileme (16:11).<\/p>\n\n\n\n<p>Do prvih bodova u Premijer regionalnoj ligi Budu\u0107nst su predvodili&nbsp;<strong>Reuel D\u2019Souza<\/strong>&nbsp;sa pet i&nbsp;<strong>David Stevovic&nbsp;<\/strong>sa \u010detiri gola. U redovima sedmostrukog evropskog prvaka najefikasniji je bio&nbsp;<strong>Vuk An\u0111eli\u0107<\/strong>&nbsp;sa \u010detiri gola.<\/p>\n\n\n\n<p><em><strong>BUDU\u0106NOST \u2013 PARTIZAN 16:13 (3:5, 5:2, 5:4, 3:2)<\/strong><\/em><\/p>\n\n\n\n<p>Bazen: Mora\u010da. Sudije:&nbsp;<strong>Ivan Rakovi\u0107<\/strong>&nbsp;(Srbija) i&nbsp;<strong>Stanko Ivanovski<\/strong>&nbsp;(Crna Gora).<\/p>\n\n\n\n<p>BUDU\u0106NOST:&nbsp;<strong>Kolesko, Bo\u0161kovi\u0107 1, Popovi\u0107 1, \u0160trkalj 1, Brguljan 1, Brnovi\u0107 1, Adei\u0161vili 1, Ra\u017enatovi\u0107, Petrovi\u0107, Stevovi\u0107 4, Radulovi\u0107, D\u2019Souza 5, Milanovi\u0107, Aleksi\u0107<\/strong>.<\/p>\n\n\n\n<p>PARTIZAN:\u00a0<strong>Dimkovi\u0107, K. Bodiroga 1, Ne\u0161kovi\u0107, \u010conki\u0107, V. Bodiroga, An\u0111eli\u0107 4, Bo\u017eovi\u0107 2, \u0110okanovi\u0107 1, Jano\u0161evi\u0107, Durutovi\u0107 1, Kutahar 1, Radulovi\u0107, Rajevi\u0107, Kanepi 3<\/strong>.<\/p>","protected":false},"excerpt":{"rendered":"<p>Ubilje\u017eili su vaterpolisti Budu\u0107nosti ve\u010deras istorijsku, prvu pobjedu u Premijer regionalnoj ligi. Podgori\u010dani su u derbiju za\u010delja savladali Partizan sa 16:13.<\/p>","protected":false},"author":1,"featured_media":871835,"comment_status":"open","ping_status":"open","sticky":false,"template":"","format":"standard","meta":{"_acf_changed":false,"footnotes":"","jetpack_publicize_message":"","jetpack_publicize_feature_enabled":true,"jetpack_social_post_already_shared":false,"jetpack_social_options":{"image_generator_settings":{"template":"highway","default_image_id":0,"font":"","enabled":false},"version":2}},"categories":[15],"tags":[10008,6115,10846],"naslovna":[],"class_list":["post-871832","post","type-post","status-publish","format-standard","has-post-thumbnail","hentry","category-sport","tag-pvk-buducnost-one","tag-regionalna-premijer-liga","tag-vk-partizan"],"acf":[],"jetpack_publicize_connections":[],"_links":{"self":[{"href":"https:\/\/gradski.me\/en\/wp-json\/wp\/v2\/posts\/871832","targetHints":{"allow":["GET"]}}],"collection":[{"href":"https:\/\/gradski.me\/en\/wp-json\/wp\/v2\/posts"}],"about":[{"href":"https:\/\/gradski.me\/en\/wp-json\/wp\/v2\/types\/post"}],"author":[{"embeddable":true,"href":"https:\/\/gradski.me\/en\/wp-json\/wp\/v2\/users\/1"}],"replies":[{"embeddable":true,"href":"https:\/\/gradski.me\/en\/wp-json\/wp\/v2\/comments?post=871832"}],"version-history":[{"count":0,"href":"https:\/\/gradski.me\/en\/wp-json\/wp\/v2\/posts\/871832\/revisions"}],"wp:featuredmedia":[{"embeddable":true,"href":"https:\/\/gradski.me\/en\/wp-json\/wp\/v2\/media\/871835"}],"wp:attachment":[{"href":"https:\/\/gradski.me\/en\/wp-json\/wp\/v2\/media?parent=871832"}],"wp:term":[{"taxonomy":"category","embeddable":true,"href":"https:\/\/gradski.me\/en\/wp-json\/wp\/v2\/categories?post=871832"},{"taxonomy":"post_tag","embeddable":true,"href":"https:\/\/gradski.me\/en\/wp-json\/wp\/v2\/tags?post=871832"},{"taxonomy":"naslovna","embeddable":true,"href":"https:\/\/gradski.me\/en\/wp-json\/wp\/v2\/naslovna?post=871832"}],"curies":[{"name":"wp","href":"https:\/\/api.w.org\/{rel}","templated":true}]}}