{"id":871742,"date":"2025-11-16T22:39:00","date_gmt":"2025-11-16T21:39:00","guid":{"rendered":"https:\/\/gradski.me\/?p=871742"},"modified":"2025-11-16T22:39:00","modified_gmt":"2025-11-16T21:39:00","slug":"crnogorci-ispraznili-rafove-u-trebinju-i-popunili-apartmane","status":"publish","type":"post","link":"https:\/\/gradski.me\/en\/region\/crnogorci-ispraznili-rafove-u-trebinju-i-popunili-apartmane\/","title":{"rendered":"Crnogorci ispraznili rafove u Trebinju i popunili apartmane"},"content":{"rendered":"<p><\/p>\n\n\n\n<p><\/p>\n\n\n\n<p>Trgovci ka\u017eu da su u marketima, posebno u \u201eBingu\u201c, rafovi vidno prorije\u0111eni, a na kasama se stvaraju dugi redovi kupaca. Ni drogerije nisu ostale po\u0161te\u0111ene \u2014 u DM-u je potro\u0161nja bila na nivou kakva se rijetko bilje\u017ei van ljetne sezone.<\/p>\n\n\n\n<p>Ugostiteljski objekti prijavljuju rekordan broj gostiju, a tra\u017eio se i krevet vi\u0161e, jer su hoteli i privatni smje\u0161taj popunjeni.<\/p>\n\n\n\n<p><\/p>\n\n\n\n<p>Posebno zadovoljni su u \u201eParking servisu\u201c, jer se \u201etra\u017ei parking mjesto vi\u0161e\u201c. Najbolji pokazatelj je veliki parking u biv\u0161oj kasarni, na kome je od vi\u0161e od 200 mjesta u prosjeku bilo slobodno svega desetak \u2014 \u0161to se ne pamti ni u udarnim ljetnim mjesecima.<\/p>\n\n\n\n<p>Trebinjci su cijelu situaciju do\u010dekali u duhovitom maniru.<\/p>\n\n\n\n<p>\u201eKada bismo sve ra\u010dune iz marketa, drogerija, kafana i sa parkinga spojili u jednu traku, stigli bismo do Podgorice \u2014 i dalje\u201c.<\/p>\n\n\n\n<p>Lokalni privrednici ocjenjuju da su ovi dani bili me\u0111u najprometnijim u skorije vrijeme.<\/p>\n\n\n\n<p><\/p>","protected":false},"excerpt":{"rendered":"<p>Trebinje je od \u010detvrtka gotovo \u201eproklju\u010dalo\u201c od posjetilaca iz Crne Gore, koji su neradne dane povodom \u201eNjego\u0161evih dana\u201c, iskoristili da posjete tajgrad \u2013 i u potpunosti su promijenili sliku prometa u trgovinama, ugostiteljskim objektima, smje\u0161taju, pi\u0161e Portal trebinjelive.info.<\/p>","protected":false},"author":1,"featured_media":871745,"comment_status":"open","ping_status":"open","sticky":false,"template":"","format":"standard","meta":{"_acf_changed":false,"footnotes":"","jetpack_publicize_message":"","jetpack_publicize_feature_enabled":true,"jetpack_social_post_already_shared":false,"jetpack_social_options":{"image_generator_settings":{"template":"highway","default_image_id":0,"font":"","enabled":false},"version":2}},"categories":[13],"tags":[12242,1550,1608],"naslovna":[],"class_list":["post-871742","post","type-post","status-publish","format-standard","has-post-thumbnail","hentry","category-region","tag-njegosevi-dani","tag-posjeta","tag-trebinje"],"acf":[],"jetpack_publicize_connections":[],"_links":{"self":[{"href":"https:\/\/gradski.me\/en\/wp-json\/wp\/v2\/posts\/871742","targetHints":{"allow":["GET"]}}],"collection":[{"href":"https:\/\/gradski.me\/en\/wp-json\/wp\/v2\/posts"}],"about":[{"href":"https:\/\/gradski.me\/en\/wp-json\/wp\/v2\/types\/post"}],"author":[{"embeddable":true,"href":"https:\/\/gradski.me\/en\/wp-json\/wp\/v2\/users\/1"}],"replies":[{"embeddable":true,"href":"https:\/\/gradski.me\/en\/wp-json\/wp\/v2\/comments?post=871742"}],"version-history":[{"count":0,"href":"https:\/\/gradski.me\/en\/wp-json\/wp\/v2\/posts\/871742\/revisions"}],"wp:featuredmedia":[{"embeddable":true,"href":"https:\/\/gradski.me\/en\/wp-json\/wp\/v2\/media\/871745"}],"wp:attachment":[{"href":"https:\/\/gradski.me\/en\/wp-json\/wp\/v2\/media?parent=871742"}],"wp:term":[{"taxonomy":"category","embeddable":true,"href":"https:\/\/gradski.me\/en\/wp-json\/wp\/v2\/categories?post=871742"},{"taxonomy":"post_tag","embeddable":true,"href":"https:\/\/gradski.me\/en\/wp-json\/wp\/v2\/tags?post=871742"},{"taxonomy":"naslovna","embeddable":true,"href":"https:\/\/gradski.me\/en\/wp-json\/wp\/v2\/naslovna?post=871742"}],"curies":[{"name":"wp","href":"https:\/\/api.w.org\/{rel}","templated":true}]}}