{"id":871295,"date":"2025-11-15T19:00:00","date_gmt":"2025-11-15T18:00:00","guid":{"rendered":"https:\/\/gradski.me\/?p=871295"},"modified":"2026-03-03T16:49:48","modified_gmt":"2026-03-03T15:49:48","slug":"video-mjestani-botuna-okupljanje-je-samo-najava-za-ono-sto-slijedi-blokirace-se-aerodrom-kruzni-tok-i-centar-podgorice","status":"publish","type":"post","link":"https:\/\/gradski.me\/en\/podgorica\/video-mjestani-botuna-okupljanje-je-samo-najava-za-ono-sto-slijedi-blokirace-se-aerodrom-kruzni-tok-i-centar-podgorice\/","title":{"rendered":"(VIDEO) residents of Botun: The Gathering is just an announcement for what is to come, the airport, roundabout and the center of Podgorica will be blocked"},"content":{"rendered":"<p>Sve to, kako navode, ako vlast ne bude potpuno odustala od izgradnje postrojenja za pre\u010di\u0161\u0107avanje otpadnih voda \u2013 \u010dekaju\u0107i referedum 14. decembra, mje\u0161tani su u pripravnosti \u2013 da ni jedna ma\u0161ina, koja bi zna\u010dila i po\u010detak radova, bude na ovom mjestu.<\/p>\n\n\n\n<p>&#8222;Ovdje \u0107e biti \u017eivi \u0161tit, le\u0107i \u0107emo pod ma\u0161ine, ovo je samo po\u010detak, preseli\u0107emo se sa \u0161atorima na cijeli Botun, osjeti\u0107e snagu i ja\u010dinu Zete, a blokira\u0107e se i aerodrom i kru\u017eni tok i centar Podgorice. Neka osjete oni malo kakoje nama&#8220;, kazao je mje\u0161tanin Dimitrije Rai\u010dkovi\u0107.<\/p>\n\n\n\n<p>Ostali mje\u0161tani navode da ako do\u0111u ma\u0161ine da imaju podr\u0161ku Op\u0161tine Zeta da ih sprije\u010de, te da ih ima preko dvije hiljade.<\/p>\n\n\n\n<p>Mje\u0161tani ka\u017eu da je kampanja povodom predstoje\u0107eg referenduma o izgradnji kolektora, ovim okupljanjem, zvani\u010dno po\u010dela \u2013 vi\u0161e \u010dlanova politi\u010dkih partija i nevladinog sektora zajedno sa mje\u0161tanima je prethodne no\u0107i, pod ovim \u0161atorom razgovaralo i o nepovjerenju prema gradskoj vlasti, te da je mogu\u0107e da izgradnja postrojenja, na ovom mjestu, po\u010dne i prije referenduma 14. decembra.<\/p>\n\n\n\n<p>Po rije\u010dima mje\u0161tana, na prostoru gdje su planirani u narednom periodu planirano je vi\u0161e \u0161atora, sa vi\u0161e hiljada ljudi.<\/p>\n\n\n\n<p>Da ili ne, za sada je neizvjesno \u2013 a&nbsp; mje\u0161tani o\u010dekuju da epilog bude upravo na referendumu 14. decembra.<\/p>\n\n\n\n<figure class=\"wp-block-embed is-type-video is-provider-youtube wp-block-embed-youtube wp-embed-aspect-16-9 wp-has-aspect-ratio\"><div class=\"wp-block-embed__wrapper\">\n<iframe title=\"&quot;Okupljanje je samo najava za ono \u0161to slijedi,blokira\u0107e se aerodrom, kru\u017eni tok i centar Podgorice&quot;\" width=\"800\" height=\"450\" src=\"https:\/\/www.youtube.com\/embed\/lUwnooJ3Alo?feature=oembed\" frameborder=\"0\" allow=\"accelerometer; autoplay; clipboard-write; encrypted-media; gyroscope; picture-in-picture; web-share\" referrerpolicy=\"strict-origin-when-cross-origin\" allowfullscreen><\/iframe>\n<\/div><\/figure>","protected":false},"excerpt":{"rendered":"<p>Botun je danas osvanuo sa \u0161atorom kojeg su ju\u010de u toku dana postavili mje\u0161tani, kako bi razgovarali o daljim koracima, ka\u017eu da je okupljanje samo najava za ono \u0161to slijedi &#8211; blokada aerodroma, kru\u017enog toka, bulevara, pa mo\u017eda i centar Podgorice<\/p>","protected":false},"author":1,"featured_media":871316,"comment_status":"open","ping_status":"open","sticky":false,"template":"","format":"standard","meta":{"_acf_changed":false,"footnotes":"","jetpack_publicize_message":"","jetpack_publicize_feature_enabled":true,"jetpack_social_post_already_shared":false,"jetpack_social_options":{"image_generator_settings":{"template":"highway","default_image_id":0,"font":"","enabled":false},"version":2}},"categories":[6],"tags":[1235,1237,28],"naslovna":[],"class_list":["post-871295","post","type-post","status-publish","format-standard","has-post-thumbnail","hentry","category-podgorica","tag-botun","tag-kolektor","tag-podgorica"],"acf":[],"jetpack_publicize_connections":[],"_links":{"self":[{"href":"https:\/\/gradski.me\/en\/wp-json\/wp\/v2\/posts\/871295","targetHints":{"allow":["GET"]}}],"collection":[{"href":"https:\/\/gradski.me\/en\/wp-json\/wp\/v2\/posts"}],"about":[{"href":"https:\/\/gradski.me\/en\/wp-json\/wp\/v2\/types\/post"}],"author":[{"embeddable":true,"href":"https:\/\/gradski.me\/en\/wp-json\/wp\/v2\/users\/1"}],"replies":[{"embeddable":true,"href":"https:\/\/gradski.me\/en\/wp-json\/wp\/v2\/comments?post=871295"}],"version-history":[{"count":1,"href":"https:\/\/gradski.me\/en\/wp-json\/wp\/v2\/posts\/871295\/revisions"}],"predecessor-version":[{"id":913357,"href":"https:\/\/gradski.me\/en\/wp-json\/wp\/v2\/posts\/871295\/revisions\/913357"}],"wp:featuredmedia":[{"embeddable":true,"href":"https:\/\/gradski.me\/en\/wp-json\/wp\/v2\/media\/871316"}],"wp:attachment":[{"href":"https:\/\/gradski.me\/en\/wp-json\/wp\/v2\/media?parent=871295"}],"wp:term":[{"taxonomy":"category","embeddable":true,"href":"https:\/\/gradski.me\/en\/wp-json\/wp\/v2\/categories?post=871295"},{"taxonomy":"post_tag","embeddable":true,"href":"https:\/\/gradski.me\/en\/wp-json\/wp\/v2\/tags?post=871295"},{"taxonomy":"naslovna","embeddable":true,"href":"https:\/\/gradski.me\/en\/wp-json\/wp\/v2\/naslovna?post=871295"}],"curies":[{"name":"wp","href":"https:\/\/api.w.org\/{rel}","templated":true}]}}