{"id":870520,"date":"2025-11-14T10:16:34","date_gmt":"2025-11-14T09:16:34","guid":{"rendered":"https:\/\/gradski.me\/?p=870520"},"modified":"2025-11-14T10:16:34","modified_gmt":"2025-11-14T09:16:34","slug":"rasvijetljena-kradja-u-beranama-podnijeta-krivicna-prijava-protiv-izvrsioca","status":"publish","type":"post","link":"https:\/\/gradski.me\/en\/hronika\/rasvijetljena-kradja-u-beranama-podnijeta-krivicna-prijava-protiv-izvrsioca\/","title":{"rendered":"Rasvijetljena kra\u0111a u Beranama, podnijeta krivi\u010dna prijava protiv izvr\u0161ioca"},"content":{"rendered":"<p><\/p>\n\n\n\n<p>&#8222;Naime, operativnim radom na terenu i nizom drugih aktivnosti policijski slu\u017ebenici beranske policije rasvijetlili su krivi\u010dno djelo kra\u0111a, identifikovali izvr\u0161ioca Z.D. iz Berana i protiv njega podnijeli krivi\u010dnu prijavu&#8220;, kazali su iz policije.<\/p>\n\n\n\n<p>Isti\u010du da se sumnja da je Z.D. ovo krivi\u010dno djelo izvr\u0161io na na\u010din \u0161to je, iskoristiv\u0161i nepa\u017enju o\u0161te\u0107enog u\u0161ao u unutra\u0161njost porodi\u010dne ku\u0107e iz koje je otu\u0111io motornu testeru vrijednosti oko 700 eura.<\/p>\n\n\n\n<p>&#8222;Neselektivno, pravovremeno preduzimanje mjera i radnji u cilju rasvjetljavanja svih oblika kriminaliteta, radi za\u0161tite bezbjednosti gra\u0111ana i njihove imovine \u0107e i dalje biti u fokusu slu\u017ebenika Regionalnog centra bezbjednosti \u201cSjever&#8220;&#8220;, zaklju\u010duju.<\/p>","protected":false},"excerpt":{"rendered":"<p>Policijski slu\u017ebenici Regionalnog centra bezbjednosti \u201cSjever\u201d, Odjeljenja bezbjednosti Berane su, postupaju\u0107i po prijavi jednog lica da mu je otu\u0111ena motorna testera, u izuzetno kratkom roku identifikovali izvr\u0161ioca i rasvijetlili ovaj doga\u0111aj, navodi se u saop\u0161tenju Uprave policije.<\/p>","protected":false},"author":1,"featured_media":0,"comment_status":"open","ping_status":"open","sticky":false,"template":"","format":"standard","meta":{"_acf_changed":false,"footnotes":"","jetpack_publicize_message":"","jetpack_publicize_feature_enabled":true,"jetpack_social_post_already_shared":false,"jetpack_social_options":{"image_generator_settings":{"template":"highway","default_image_id":0,"font":"","enabled":false},"version":2}},"categories":[10],"tags":[53,109],"naslovna":[],"class_list":["post-870520","post","type-post","status-publish","format-standard","hentry","category-hronika","tag-berane","tag-uprava-policije"],"acf":[],"jetpack_publicize_connections":[],"_links":{"self":[{"href":"https:\/\/gradski.me\/en\/wp-json\/wp\/v2\/posts\/870520","targetHints":{"allow":["GET"]}}],"collection":[{"href":"https:\/\/gradski.me\/en\/wp-json\/wp\/v2\/posts"}],"about":[{"href":"https:\/\/gradski.me\/en\/wp-json\/wp\/v2\/types\/post"}],"author":[{"embeddable":true,"href":"https:\/\/gradski.me\/en\/wp-json\/wp\/v2\/users\/1"}],"replies":[{"embeddable":true,"href":"https:\/\/gradski.me\/en\/wp-json\/wp\/v2\/comments?post=870520"}],"version-history":[{"count":0,"href":"https:\/\/gradski.me\/en\/wp-json\/wp\/v2\/posts\/870520\/revisions"}],"wp:attachment":[{"href":"https:\/\/gradski.me\/en\/wp-json\/wp\/v2\/media?parent=870520"}],"wp:term":[{"taxonomy":"category","embeddable":true,"href":"https:\/\/gradski.me\/en\/wp-json\/wp\/v2\/categories?post=870520"},{"taxonomy":"post_tag","embeddable":true,"href":"https:\/\/gradski.me\/en\/wp-json\/wp\/v2\/tags?post=870520"},{"taxonomy":"naslovna","embeddable":true,"href":"https:\/\/gradski.me\/en\/wp-json\/wp\/v2\/naslovna?post=870520"}],"curies":[{"name":"wp","href":"https:\/\/api.w.org\/{rel}","templated":true}]}}