{"id":870480,"date":"2025-11-14T08:25:00","date_gmt":"2025-11-14T07:25:00","guid":{"rendered":"https:\/\/gradski.me\/?p=870480"},"modified":"2025-11-14T08:25:00","modified_gmt":"2025-11-14T07:25:00","slug":"u-siriji-i-iraku-jos-ima-nasih-drzavljana-crna-gora-saradjuje-sa-europolom","status":"publish","type":"post","link":"https:\/\/gradski.me\/en\/drustvo\/u-siriji-i-iraku-jos-ima-nasih-drzavljana-crna-gora-saradjuje-sa-europolom\/","title":{"rendered":"U Siriji i Iraku jo\u0161 ima na\u0161ih dr\u017eavljana, Crna Gora sara\u0111uje sa Europolom"},"content":{"rendered":"<p>U dokumentu se isti\u010de da Crna Gora nastavlja dobru saradnju sa Europolom u vezi sa stranim teroristi\u010dkim borcima, a u 2024. godini razmijenjeno je 525 poruka putem Europolove aplikacije SIENA, \u0161to je porast u odnosu na prethodnu godinu.<\/p>\n\n\n\n<p>Prema ranijim informacijama bezbjednosnih institucija, jedan broj crnogorskih dr\u017eavljana oti\u0161ao je u Siriju i Irak, gdje su se borili na strani Islamske dr\u017eave, koju je EU ozna\u010dila kao teroristi\u010dku organizaciju. Bio je to slu\u010daj i sa drugim dr\u017eavama u regionu.&nbsp;<\/p>\n\n\n\n<p>Borba protiv terorizma i spre\u010davanje radikalizacije u zemlji je uglavnom zadovoljavaju\u0107a, navodi se u izvje\u0161taju Evropske komisije koji je nedavno predstavljen u Briselu, a pravni okvir Crne Gore za suzbijanje nasilnog ekstremizma u velikoj mjeri je uskla\u0111en sa EU standardima.<\/p>\n\n\n\n<p>Ipak, sprovo\u0111enje mjera u vezi sa repatrijacijom stranih boraca i njihovih porodica i dalje nije pokrenuto.<\/p>\n\n\n\n<p>&#8222;Trenutno se ne preduzimaju nikakve mjere za repatrijaciju 14 crnogorskih stranih teroristi\u010dkih boraca i \u010dlanova njihovih porodica za koje se navodi da se nalaze u Siriji i Iraku\u201c, navodi se u izvje\u0161taju EK.<\/p>\n\n\n\n<p>Situacija dodatno isti\u010de izazove sa kojima se Crna Gora suo\u010dava u prevenciji i suzbijanju nasilnog ekstremizma, posebno u kontekstu me\u0111unarodne bezbjednosti, ukazano je.&nbsp;<\/p>\n\n\n\n<p>U dokumentu se podsje\u0107a na to da je u oktobru 2024. godine, Crna Gora dobila pomo\u0107 od Mre\u017ee EU za podizanje svijesti o radikalizaciji (RAN) za izradu svoje nove Nacionalne strategije za spre\u010davanje i suzbijanje radikalizacije i nasilnog ekstremizma.<\/p>\n\n\n\n<p>&#8222;Rastu\u0107a zabrinutost je sve ve\u0107e prisustvo desni\u010darskog ekstremisti\u010dkog sadr\u017eaja na mre\u017ei, zajedno sa govorom mr\u017enje i dezinformacijama. Ovo je dodatno poja\u010dano ruskim ratom agresije protiv Ukrajine i teku\u0107im sukobom u Gazi&#8220;, navodi se.<\/p>\n\n\n\n<p>Tako\u0111e, u dokumentu Evropske komisije se nagla\u0161ava da tokom pro\u0161le godine nijedna osoba nije osu\u0111ena za teroristi\u010dko djelo u Crnoj Gori.<\/p>\n\n\n\n<p>S druge strane, zemlja mora da stvori mre\u017eu lokalnih kontaktnih ta\u010daka za spre\u010davanje nasilnog ekstremizma u lokalnim op\u0161tinama.<\/p>\n\n\n\n<p>Navodi se da su pripreme u tom pogledu po\u010dele u Bijelom Polju.<\/p>\n\n\n\n<p>&#8222;U junu je Agencija za nacionalnu bezbjednost, u saradnji sa policijom, sprije\u010dila uspostavljanje radikalne islamisti\u010dke mre\u017ee u Crnoj Gori. Operacija je dovela do protjerivanja dr\u017eavljanina Bosne i Hercegovine koji je poku\u0161avao da osnuje paralelnu vjersku strukturu u Plavu, van okvira zvani\u010dne Islamske zajednice Crne Gore&#8220;, pi\u0161e u dokumentu.<\/p>","protected":false},"excerpt":{"rendered":"<p>Za 14 crnogorskih stranih boraca i njihovih porodica u Siriji i Iraku trenutno se ne preduzimaju mjere repatrijacije. Prema izvje\u0161taju Evropske komisije, u Siriji i Iraku nalazi se 14 crnogorskih &#8222;stranih teroristi\u010dkih boraca&#8220; i \u010dlanova njihovih porodica. Za ove osobe trenutno se ne preduzimaju nikakve mjere za repatrijaciju, dodaje se. <\/p>","protected":false},"author":1,"featured_media":870481,"comment_status":"open","ping_status":"open","sticky":false,"template":"","format":"standard","meta":{"_acf_changed":false,"footnotes":"","jetpack_publicize_message":"","jetpack_publicize_feature_enabled":true,"jetpack_social_post_already_shared":false,"jetpack_social_options":{"image_generator_settings":{"template":"highway","default_image_id":0,"font":"","enabled":false},"version":2}},"categories":[9],"tags":[188,2024,9196,7150],"naslovna":[],"class_list":["post-870480","post","type-post","status-publish","format-standard","has-post-thumbnail","hentry","category-drustvo","tag-crna-gora","tag-ek","tag-irak","tag-sirija"],"acf":[],"jetpack_publicize_connections":[],"_links":{"self":[{"href":"https:\/\/gradski.me\/en\/wp-json\/wp\/v2\/posts\/870480","targetHints":{"allow":["GET"]}}],"collection":[{"href":"https:\/\/gradski.me\/en\/wp-json\/wp\/v2\/posts"}],"about":[{"href":"https:\/\/gradski.me\/en\/wp-json\/wp\/v2\/types\/post"}],"author":[{"embeddable":true,"href":"https:\/\/gradski.me\/en\/wp-json\/wp\/v2\/users\/1"}],"replies":[{"embeddable":true,"href":"https:\/\/gradski.me\/en\/wp-json\/wp\/v2\/comments?post=870480"}],"version-history":[{"count":0,"href":"https:\/\/gradski.me\/en\/wp-json\/wp\/v2\/posts\/870480\/revisions"}],"wp:featuredmedia":[{"embeddable":true,"href":"https:\/\/gradski.me\/en\/wp-json\/wp\/v2\/media\/870481"}],"wp:attachment":[{"href":"https:\/\/gradski.me\/en\/wp-json\/wp\/v2\/media?parent=870480"}],"wp:term":[{"taxonomy":"category","embeddable":true,"href":"https:\/\/gradski.me\/en\/wp-json\/wp\/v2\/categories?post=870480"},{"taxonomy":"post_tag","embeddable":true,"href":"https:\/\/gradski.me\/en\/wp-json\/wp\/v2\/tags?post=870480"},{"taxonomy":"naslovna","embeddable":true,"href":"https:\/\/gradski.me\/en\/wp-json\/wp\/v2\/naslovna?post=870480"}],"curies":[{"name":"wp","href":"https:\/\/api.w.org\/{rel}","templated":true}]}}