{"id":870311,"date":"2025-11-13T19:05:00","date_gmt":"2025-11-13T18:05:00","guid":{"rendered":"https:\/\/gradski.me\/?p=870311"},"modified":"2025-11-13T19:05:00","modified_gmt":"2025-11-13T18:05:00","slug":"spadijer-glavni-grad-planira-intenzivan-razvoj-vise-od-polovine-planiranih-sredstava-u-budzetu-usmjereno-na-infrastrukturne-investicije","status":"publish","type":"post","link":"https:\/\/gradski.me\/en\/podgorica\/spadijer-glavni-grad-planira-intenzivan-razvoj-vise-od-polovine-planiranih-sredstava-u-budzetu-usmjereno-na-infrastrukturne-investicije\/","title":{"rendered":"(VIDEO) \u0160padijer: Glavni grad planira intenzivan razvoj, vi\u0161e od polovine planiranih sredstava u bud\u017eetu usmjereno na infrastrukturne investicije"},"content":{"rendered":"<p><\/p>\n\n\n\n<p>Na osnovu planiranog bud\u017eeta za narednu godinu, koji, podsje\u0107amo, iznosi rekordnih 160,5 miliona eura, Glavni grad \u0107e intezivno raditi na razvoju, naro\u010dito u oblasti kapitalnih investicija koje \u010dine pedeset odsto plana, isti\u010de sekretar za finansijske poslove i analizu bud\u017eeta, Bal\u0161a \u0160padijer. O\u010dekuje da \u0107e se u narednoj godini dobar dio projekata realizovati.<\/p>\n\n\n\n<p>&#8222;Kad je u pitanju lokalna infrastruktura mi nastavljamo izgradnju Bulevara Vojislavljevi\u0107a, o\u010dekujemo da \u0107emo zapo\u010deti sa izgradnjom zapadne obilaznice gdje su tenderski postupci pri kraju. Vjerujem da \u0107emo do kraja godine dobiti izvo\u0111a\u010de, pa da zapo\u010dnemo i te radove. Tako\u0111e, radi se Jusova\u010da, planiramo izgradnju Trga Bo\u017eane Vu\u010dini\u0107, Trga golooto\u010dkih \u017ertava\u2026&#8220;, kazao je \u0160padijer.<\/p>\n\n\n\n<p>Podsje\u0107a da je i ova godina bila intezivna, te da su zavr\u0161eni brojni projekti.<\/p>\n\n\n\n<p>&#8222;Za sanaciju op\u0161tinskih puteva smo opredijelili osam miliona eura i preko dva miliona eura za nove parkove. Nadam se da \u0107emo idu\u0107e godine zavr\u0161iti vi\u0161enamjenski projekat u Zagori\u010du, groblje na \u010aemovskom polju. Nekih pet miliona imamo za izgradnju saobra\u0107ajnica. Planiramo rekonstrukciju ulica Iva Vizina, Ksenije Cicvari\u0107, Miladina Popovi\u0107a, Branka Deleti\u0107a, cara Lazara, nastavak Ulice slobode, Boke\u0161ke ulice, &#8222;Podgori\u010danka&#8220; je tu&#8220;, naveo je \u0160padijer.<\/p>\n\n\n\n<p>U narednoj godini, pored ostalog, planira se i nabavka autoljestve za Slu\u017ebu za\u0161tite i spa\u0161avanja, jo\u0161 jednog vozila za \u0161umske po\u017eare, kombija za specijalne intervencije, nabavku vozila za \u010cisto\u0107u od pet stotina hiljada eura. Planirana je i izgradnja pet vodovoda. Sekretar isti\u010de da \u0107e se truditi da ideje i predloge gra\u0111ana uva\u017ee.<\/p>\n\n\n\n<p>&#8222;\u017dao mi je \u0161to predstavnici mjesnih zajednica nijesu bili prisutni na Javnoj raspravi. Njihovo postavljenje \u0107e biti, vjerujem, do kraja godine, pa \u0107emo ostvariti intezivniju saradnju&#8220;, naveo je \u0160padijer.<\/p>\n\n\n\n<p>Finansijska situacija Glavnog grada je stabilna, najvi\u0161e se oslanja na sopstvene prihode. Zavr\u0161ene brojne investicije u teku\u0107oj, ali i one koje tek predstoje, aktuelnu gradsku upravu \u010dine jednom od najuspje\u0161nijih u istoriji Podgorice, uvjeren je \u0160padijer.<\/p>\n\n\n\n<figure class=\"wp-block-embed is-type-video is-provider-youtube wp-block-embed-youtube wp-embed-aspect-16-9 wp-has-aspect-ratio\"><div class=\"wp-block-embed__wrapper\">\n<iframe title=\"\u0160padijer: Vi\u0161e od polovine planiranih sredstava u bud\u017eetu usmjereno na infrastrukturne projekte\" width=\"800\" height=\"450\" src=\"https:\/\/www.youtube.com\/embed\/BUewLzNO6zk?feature=oembed\" frameborder=\"0\" allow=\"accelerometer; autoplay; clipboard-write; encrypted-media; gyroscope; picture-in-picture; web-share\" referrerpolicy=\"strict-origin-when-cross-origin\" allowfullscreen><\/iframe>\n<\/div><\/figure>","protected":false},"excerpt":{"rendered":"<p>Sa bud\u017eetom za narednu godinu, ve\u0107im za sedam miliona eura, u odnosu na ovogodi\u0161nji, Glavni grad planira intenzivan razvoj i realizaciju brojnih kapitalnih projekata. Vi\u0161e od polovine planiranih sredstava bi\u0107e usmjereno na infrastrukturne investicije, koje je, u Jutarnjem programu najavio je sekretar za finansijske poslove i analizu bud\u017eeta, Bal\u0161a \u0160padijer.<\/p>","protected":false},"author":1,"featured_media":870312,"comment_status":"open","ping_status":"open","sticky":false,"template":"","format":"standard","meta":{"_acf_changed":false,"footnotes":"","jetpack_publicize_message":"","jetpack_publicize_feature_enabled":true,"jetpack_social_post_already_shared":false,"jetpack_social_options":{"image_generator_settings":{"template":"highway","default_image_id":0,"font":"","enabled":false},"version":2}},"categories":[6],"tags":[12339,2150,116,12340],"naslovna":[],"class_list":["post-870311","post","type-post","status-publish","format-standard","has-post-thumbnail","hentry","category-podgorica","tag-balsa-spadijer","tag-budzet-3","tag-glavni-grad","tag-sekretarijat-za-finansije"],"acf":[],"jetpack_publicize_connections":[],"_links":{"self":[{"href":"https:\/\/gradski.me\/en\/wp-json\/wp\/v2\/posts\/870311","targetHints":{"allow":["GET"]}}],"collection":[{"href":"https:\/\/gradski.me\/en\/wp-json\/wp\/v2\/posts"}],"about":[{"href":"https:\/\/gradski.me\/en\/wp-json\/wp\/v2\/types\/post"}],"author":[{"embeddable":true,"href":"https:\/\/gradski.me\/en\/wp-json\/wp\/v2\/users\/1"}],"replies":[{"embeddable":true,"href":"https:\/\/gradski.me\/en\/wp-json\/wp\/v2\/comments?post=870311"}],"version-history":[{"count":0,"href":"https:\/\/gradski.me\/en\/wp-json\/wp\/v2\/posts\/870311\/revisions"}],"wp:featuredmedia":[{"embeddable":true,"href":"https:\/\/gradski.me\/en\/wp-json\/wp\/v2\/media\/870312"}],"wp:attachment":[{"href":"https:\/\/gradski.me\/en\/wp-json\/wp\/v2\/media?parent=870311"}],"wp:term":[{"taxonomy":"category","embeddable":true,"href":"https:\/\/gradski.me\/en\/wp-json\/wp\/v2\/categories?post=870311"},{"taxonomy":"post_tag","embeddable":true,"href":"https:\/\/gradski.me\/en\/wp-json\/wp\/v2\/tags?post=870311"},{"taxonomy":"naslovna","embeddable":true,"href":"https:\/\/gradski.me\/en\/wp-json\/wp\/v2\/naslovna?post=870311"}],"curies":[{"name":"wp","href":"https:\/\/api.w.org\/{rel}","templated":true}]}}